{"id":13512,"date":"2022-12-14T09:00:39","date_gmt":"2022-12-14T08:00:39","guid":{"rendered":"https:\/\/www.md-elektronik.com\/?p=13512"},"modified":"2023-02-02T15:11:01","modified_gmt":"2023-02-02T14:11:01","slug":"jak-budu-v-budoucnu-spojovat-svuj-smartphone-s-vozidlem","status":"publish","type":"post","link":"https:\/\/www.md-elektronik.com\/cs\/jak-budu-v-budoucnu-spojovat-svuj-smartphone-s-vozidlem\/","title":{"rendered":"Jak budu v budoucnu spojovat sv\u016fj smartphone s vozidlem?"},"content":{"rendered":"\n<p><em>Jak\u00e1 \u0159e\u0161en\u00ed jsou v sou\u010dasnosti k dispozici a pro\u010d je kabelov\u00e9 p\u0159ipojen\u00ed st\u00e1le je\u0161t\u011b lep\u0161\u00ed volbou? <\/em><\/p>\n<p>V dne\u0161n\u00ed dob\u011b je chytr\u00fd telefon na\u0161\u00edm st\u00e1l\u00fdm spole\u010dn\u00edkem, a\u0165 u\u017e ve voln\u00e9m \u010dase, v&nbsp;pr\u00e1ci nebo t\u0159eba v aut\u011b. Aby bylo mo\u017en\u00e9 ve vozidle pou\u017e\u00edvat \u0159adu funkc\u00ed chytr\u00e9ho telefonu, jako je r\u00e1dio, poslech vlastn\u00ed hudby nebo navigace, mus\u00ed smartphone n\u011bjakou formou komunikovat s vozidlem.<\/p>\n<p>V&nbsp;souvislosti s t\u00edm se v\u0161ak \u010dasto setk\u00e1v\u00e1me s n\u00e1sleduj\u00edc\u00edmi ot\u00e1zkami: Mus\u00edm mobiln\u00ed telefon propojit s vozidlem pomoc\u00ed kabelu, nebo to funguje i bezdr\u00e1tov\u011b? Kde najdu USB port pro p\u0159ipojen\u00ed? M\u00e1m s sebou adapt\u00e9rov\u00fd kabel? Pokud ano, je to ten spr\u00e1vn\u00fd kabel se spr\u00e1vn\u00fdmi konektory?<\/p>\n<p>To p\u0159irozen\u011b vyvol\u00e1v\u00e1 ot\u00e1zku, zda by bezdr\u00e1tov\u00e9 spojen\u00ed mezi vozidlem a smartphonem nebylo lep\u0161\u00ed volbou. Pr\u00e1v\u011b touto ot\u00e1zkou se zab\u00fdv\u00e1me v tomto blogu. Dozv\u00edte se, jak\u00e9 mo\u017enosti propojen\u00ed mobiln\u00edho telefonu s vozidlem jsou v sou\u010dasn\u00e9 dob\u011b k dispozici a jak\u00e9 funkce tak m\u016f\u017eete re\u00e1ln\u011b vyu\u017e\u00edvat.<\/p>\n\t<div id=\"gap-263767666\" class=\"gap-element clearfix\" style=\"display:block; height:auto;\">\n\t\t\n<style>\n#gap-263767666 {\n  padding-top: 30px;\n}\n<\/style>\n\t<\/div>\n\t\n\n<div class=\"message-box relative table-of-contents-message-box\" style=\"padding-top:30px;padding-bottom:30px;\"><div class=\"message-box-bg-image bg-fill fill\" ><\/div><div class=\"message-box-bg-overlay bg-fill fill\" ><\/div><div class=\"container relative\"><div class=\"inner last-reset\">\n\n<div class=\"row align-equal align-center\"  id=\"row-1228280108\">\n\n\n\t<div id=\"col-2097663938\" class=\"col small-12 large-12\"  >\n\t\t\t\t<div class=\"col-inner\"  >\n\t\t\t\n\t\t\t<script type=\"text\/javascript\">\n\tvar dpc_lang = 'cs';\n\tvar dpc_current_language = 'cs';\n\tvar dpc_plugin_url = 'https:\/\/www.md-elektronik.com\/wp-content\/plugins\/delucks-seo';\n    var ajaxurl = 'https:\/\/www.md-elektronik.com\/wp-admin\/admin-ajax.php';\n<\/script>\n\n\n\n\n\t\t<\/div>\n\t\t\t\t\t<\/div>\n\n\t\n\n<\/div>\n\n<\/div><\/div><\/div>\n\t<div id=\"gap-1527060613\" class=\"gap-element clearfix\" style=\"display:block; height:auto;\">\n\t\t\n<style>\n#gap-1527060613 {\n  padding-top: 30px;\n}\n<\/style>\n\t<\/div>\n\t\n\n<h3>Co vlastn\u011b \u201ewireless\u201c (bezdr\u00e1tov\u00fd) znamen\u00e1?<\/h3>\n<p>Pojem wireless, neboli bezdr\u00e1tov\u00fd, poch\u00e1z\u00ed z oblasti telekomunikac\u00ed a ozna\u010duje se tak p\u0159enos sign\u00e1lu prost\u0159ednictv\u00edm elektromagnetick\u00fdch vln (bez pou\u017eit\u00ed kabelu).<\/p>\n<p>P\u0159i bezdr\u00e1tov\u00e9m nab\u00edjen\u00ed se energie p\u0159en\u00e1\u0161\u00ed induk\u010dn\u011b, tj. prost\u0159ednictv\u00edm pohybuj\u00edc\u00edch se magnetick\u00fdch pol\u00ed mezi vys\u00edla\u010dem a p\u0159ij\u00edma\u010dem. K tomu mus\u00ed m\u00edt ob\u011b za\u0159\u00edzen\u00ed (nab\u00edje\u010dka i chytr\u00fd telefon) odpov\u00eddaj\u00edc\u00ed vybaven\u00ed.<\/p>\n<p>V p\u0159\u00edpad\u011b bezdr\u00e1tov\u00e9ho, resp. bezkabelov\u00e9ho p\u0159enosu dat se v z\u00e1sad\u011b rozli\u0161uje mezi<\/p>\n<ul>\n<li>IR Wireless (p\u0159enos dat prost\u0159ednictv\u00edm infra\u010derven\u00e9ho z\u00e1\u0159en\u00ed, omezen\u00fd dosah)<\/li>\n<li>Fixed Wireless (s modemem, pro dom\u00e1cnosti a kancel\u00e1\u0159e)<\/li>\n<li>Mobile Wireless (bezdr\u00e1tov\u00e1 pevn\u00e1 za\u0159\u00edzen\u00ed, jako jsou autotelefony)<\/li>\n<li>Portable Wireless (autonomn\u00ed bezdr\u00e1tov\u00e1 za\u0159\u00edzen\u00ed s dob\u00edjec\u00ed bateri\u00ed, nap\u0159. mobiln\u00ed telefon).<\/li>\n<\/ul>\n<h3>Wireless Power Consortium \u2013 standard pro bezdr\u00e1tov\u00e9 nab\u00edjen\u00ed<\/h3>\n<p>Konsorcium WPC (Wireless Power Consortium) se od roku 2008 pod\u00edl\u00ed na v\u00fdvoji a \u00fadr\u017eb\u011b norem pro \u0161irokou \u0161k\u00e1lu aplikac\u00ed bezdr\u00e1tov\u00e9ho nap\u00e1jen\u00ed. Otev\u0159en\u00e1 skupina, kter\u00e1 nyn\u00ed \u010d\u00edt\u00e1 v\u00edce ne\u017e 400 \u010dlensk\u00fdch spole\u010dnost\u00ed z nejr\u016fzn\u011bj\u0161\u00edch odv\u011btv\u00ed, m\u00e1 za c\u00edl dos\u00e1hnout celosv\u011btov\u00e9 kompatibility v\u0161ech bezdr\u00e1tov\u00fdch nab\u00edje\u010dek a zdroj\u016f energie. Vzhledem k neust\u00e1le se vyv\u00edjej\u00edc\u00edm p\u0159enosn\u00fdm za\u0159\u00edzen\u00edm, jako jsou notebooky, tablety, drony, nebo spot\u0159ebi\u010de v kuchyni, m\u00e1 spole\u010dn\u00fd, aktualizovan\u00fd standard rozhodn\u011b smysl.<\/p>\n<p>Nejzn\u00e1m\u011bj\u0161\u00edm standardem v t\u00e9to oblasti je jist\u011b standard Qi (vyslovuje se \u201echee\u201c), kter\u00fd se pou\u017e\u00edv\u00e1 p\u0159ev\u00e1\u017en\u011b pro nab\u00edjen\u00ed mobiln\u00edch telefon\u016f. S profilem Baseline Power lze v sou\u010dasn\u00e9 dob\u011b nab\u00edjet mal\u00e1 elektronick\u00e1 za\u0159\u00edzen\u00ed v\u00fdkonem a\u017e 5 W, s profilem Extend Power poskytuje nab\u00edjec\u00ed aplikace dokonce a\u017e 15 W. \u010clenov\u00e9 WPC v sou\u010dasn\u00e9 dob\u011b pracuj\u00ed na optimalizaci v\u00fdkonnostn\u00edho profilu, aby bylo v budoucnu mo\u017en\u00e9 stejnou technologi\u00ed nab\u00edjet i notebooky. Zde se c\u00edl\u00ed na \u00farovn\u011b v\u00fdkonu mezi 30 W a 60 W.<\/p>\n<p>Standard Qi zahrnuje glob\u00e1ln\u00ed certifikaci bezdr\u00e1tov\u00fdch za\u0159\u00edzen\u00ed, \u010d\u00edm\u017e zaji\u0161\u0165uje, \u017ee v\u0161echna za\u0159\u00edzen\u00ed s certifikac\u00ed Qi jsou vz\u00e1jemn\u011b kompatibiln\u00ed bez ohledu na v\u00fdrobce, zemi p\u016fvodu, verzi a tak d\u00e1le. D\u016fle\u017eitou roli zde hraje tak\u00e9 bezpe\u010dnostn\u00ed koncepce s ohledem na tepelnou ochranu a detekci ciz\u00edch p\u0159edm\u011bt\u016f.<\/p>\n<h3>Integrace smartphon\u016f do u\u017e\u00edv\u00e1n\u00ed infotainmentu vozidla<\/h3>\n<p>V sou\u010dasn\u00e9 dob\u011b existuj\u00ed dv\u011b hlavn\u00ed aplikace pro integraci chytr\u00fdch telefon\u016f do syst\u00e9mu pro infotainment modern\u00edho vozidla: Na jedn\u00e9 stran\u011b Android Auto pro integraci chytr\u00fdch telefon\u016f s opera\u010dn\u00edm syst\u00e9mem Android a na druh\u00e9 stran\u011b CarPlay pro integraci iPhon\u016f (opera\u010dn\u00ed syst\u00e9m iOS). Pon\u011bkud star\u0161\u00ed aplikace MirrorLink ji\u017e v nov\u011bj\u0161\u00edch generac\u00edch vozidel nehraje hlavn\u00ed roli, ale st\u00e1le se pou\u017e\u00edv\u00e1 v mnoha automobilech a chytr\u00fdch telefonech.<\/p>\n<h4>MirrorLink<\/h4>\n<p>Aplikace MirrorLink (vyvinut\u00e1 konsorciem Car Connectivity Consortium) popisuje rozhran\u00ed pro p\u0159enos dat mezi syst\u00e9mem pro infotainment vozidla a mobiln\u00edm za\u0159\u00edzen\u00edm. Konektivita se pou\u017e\u00edv\u00e1 hlavn\u011b pro navigaci a p\u0159ehr\u00e1v\u00e1n\u00ed m\u00e9di\u00ed t\u00edm, \u017ee umo\u017e\u0148uje ur\u010dit\u00fdm (kompatibiln\u00edm) aplikac\u00edm chytr\u00e9ho telefonu komunikovat se syst\u00e9mem pro infotainment vozidla (IVI \u2013 In-Vehicle Infotainment) a zobrazovat jejich u\u017eivatelsk\u00e9 rozhran\u00ed (User Interface) na displeji. Tyto aplika\u010dn\u00ed programy se ovl\u00e1daj\u00ed pomoc\u00ed r\u016fzn\u00fdch sp\u00ednac\u00edch prvk\u016f v kokpitu nebo na displeji.<\/p>\n<h4>Android Auto<\/h4>\n<p>C\u00edlem sdru\u017een\u00ed Open Automotive Alliance, kterou v roce 2014 zalo\u017eila spole\u010dnost Google spole\u010dn\u011b s v\u00fdrobcem \u010dip\u016f NVIDIA, je a od po\u010d\u00e1tku bylo, zav\u00e9st do vozidel syst\u00e9m Android Auto, optim\u00e1ln\u011b jako vlastn\u00ed, nez\u00e1visl\u00fd opera\u010dn\u00ed syst\u00e9m pro infotainment vozidla.<\/p>\n<p>Pod obecn\u00fdm pojmem Android Auto se v sou\u010dasn\u00e9 dob\u011b rozli\u0161uj\u00ed r\u016fzn\u00e9 verze, nap\u0159.<\/p>\n<ul>\n<li>Android Auto (zrcadl\u00ed aplikace chytr\u00e9ho telefonu na displeji)<\/li>\n<li>Android Auto pro smartphony (samostatn\u011b funguj\u00edc\u00ed aplikace pou\u017eiteln\u00e1 pouze na chytr\u00e9m telefonu), a jej\u00ed n\u00e1stupce Google Assistant Driving Mode (zrcadlen\u00ed na displeji, mo\u017enost pou\u017eit\u00ed dvou aplikac\u00ed sou\u010dasn\u011b, pouze ve form\u00e1tu na v\u00fd\u0161ku)<\/li>\n<li>Android Automotive (plnohodnotn\u00fd opera\u010dn\u00ed syst\u00e9m pro infotainment vozidla)<\/li>\n<\/ul>\n<p>Android Automotive, nejnov\u011bj\u0161\u00ed produkt spole\u010dnosti Google v oblasti automobil\u016f, bude v budoucnu slou\u017eit jako nez\u00e1visl\u00fd z\u00e1kladn\u00ed opera\u010dn\u00ed syst\u00e9m pro infotainment (bez nutnosti pou\u017eit\u00ed chytr\u00e9ho telefonu), palubn\u00ed desku a ovl\u00e1d\u00e1n\u00ed klimatizace ve vozidle. Tento syst\u00e9m ji\u017e pou\u017e\u00edvaj\u00ed Volvo a Polestar. V\u00fdvoje na syst\u00e9mov\u00e9 platform\u011b prob\u00edhaj\u00ed mimo jin\u00e9 ve spole\u010dnosti Fiat Chrysler. Jeho pou\u017eit\u00ed zva\u017euje i spole\u010dnost General Motors.<\/p>\n<p>Dlouhou dobu bylo propojen\u00ed mezi mobiln\u00edm za\u0159\u00edzen\u00edm a vozidlem mo\u017en\u00e9 pouze pomoc\u00ed kabelu USB. Nov\u011bj\u0161\u00ed generace vozidel nyn\u00ed podporuj\u00ed bezdr\u00e1tov\u00fd p\u0159enos dat prost\u0159ednictv\u00edm bezdr\u00e1tov\u00e9ho syst\u00e9mu Android Auto Wireless nebo Android Auto p\u0159es Wifi prost\u0159ednictv\u00edm p\u0159ipojen\u00ed WLAN 5 GHz. Funkce telefonov\u00e1n\u00ed prob\u00edh\u00e1 st\u00e1le p\u0159es Bluetooth. Pro prvn\u00ed inicializaci bezdr\u00e1tov\u00e9ho p\u0159ipojen\u00ed je v\u0161ak st\u00e1le nutn\u00e9 nav\u00e1zat jednor\u00e1zov\u00e9 spojen\u00ed mezi chytr\u00fdm telefonem a vozidlem pomoc\u00ed USB kabelu.<\/p>\n<p>Hlavn\u00ed v\u00fdhodou Android Auto je v\u017edy jednotn\u00e9 ovl\u00e1d\u00e1n\u00ed, vzhled nez\u00e1visl\u00fd na vozidle a jednoduch\u00e9, p\u0159ehledn\u00e9 zobrazen\u00ed funkc\u00ed. Krom\u011b toho lze ke stejn\u00e9 datab\u00e1zi v\u00a0cloudu p\u0159istupovat v aut\u011b z mobiln\u00edho telefonu.<\/p>\n\t<div id=\"gap-332758297\" class=\"gap-element clearfix\" style=\"display:block; height:auto;\">\n\t\t\n<style>\n#gap-332758297 {\n  padding-top: 30px;\n}\n<\/style>\n\t<\/div>\n\t\n\n<div class=\"message-box relative product-message-box-v2 hide-for-medium\" ><div class=\"message-box-bg-image bg-fill fill\" ><\/div><div class=\"message-box-bg-overlay bg-fill fill\" ><\/div><div class=\"container relative\"><div class=\"inner last-reset\">\n\n<div class=\"row row-collapse align-equal align-center product-message-box\"  id=\"row-1949600249\">\n\n\n\t<div id=\"col-2104829256\" class=\"col medium-4 small-12 large-4\"  >\n\t\t\t\t<div class=\"col-inner text-center\"  >\n\t\t\t\n\t\t\t\n\n\t<div class=\"img has-hover x md-x lg-x y md-y lg-y\" id=\"image_1483361965\">\n\t\t\t\t\t\t\t\t<div class=\"img-inner dark\" >\n\t\t\t<img decoding=\"async\" width=\"1020\" height=\"719\" src=\"https:\/\/www.md-elektronik.com\/wp-content\/uploads\/2022\/05\/c-klic-blog-featured-1024x722.jpg\" class=\"attachment-large size-large\" alt=\"\" srcset=\"https:\/\/www.md-elektronik.com\/wp-content\/uploads\/2022\/05\/c-klic-blog-featured.jpg 1024w, https:\/\/www.md-elektronik.com\/wp-content\/uploads\/2022\/05\/c-klic-blog-featured-300x211.jpg 300w, https:\/\/www.md-elektronik.com\/wp-content\/uploads\/2022\/05\/c-klic-blog-featured-768x541.jpg 768w\" sizes=\"(max-width: 1020px) 100vw, 1020px\" \/>\t\t\t\t\t\t\n\t\t\t\t\t<\/div>\n\t\t\t\t\t\t\t\t\n<style>\n#image_1483361965 {\n  width: 100%;\n}\n<\/style>\n\t<\/div>\n\t\n\n\n\t\t<\/div>\n\t\t\t\t\t<\/div>\n\n\t\n\n\t<div id=\"col-1157305156\" class=\"col medium-7 small-12 large-7\"  >\n\t\t\t\t<div class=\"col-inner\"  >\n\t\t\t\n\t\t\t\n\n\t<div id=\"gap-102167404\" class=\"gap-element clearfix\" style=\"display:block; height:auto;\">\n\t\t\n<style>\n#gap-102167404 {\n  padding-top: 15px;\n}\n<\/style>\n\t<\/div>\n\t\n\n<p><strong>Hled\u00e1te multifunk\u010dn\u00ed konektorov\u00fd syst\u00e9m pro p\u0159enos dat rychlost\u00ed vy\u0161\u0161\u00ed ne\u017e 10 Gbit\/s a mo\u017enost nab\u00edjen\u00ed v\u00fdkonem a\u017e 100 W p\u0159\u00edmo ve vozidle? <br \/><\/strong><span style=\"font-size: 90%;\">Zde je n\u00e1vod, jak na to s MD. <\/span><\/p>\n<a href=\"https:\/\/www.md-elektronik.com\/cs\/vyrobky\/c-klic\/\" class=\"button primary is-outline is-smaller\"  style=\"border-radius:99px;\">\n\t\t<span>V\u00edce...<\/span>\n\t<\/a>\n\n\n\n\t\t<\/div>\n\t\t\t\t\t<\/div>\n\n\t\n\n<\/div>\n\n<\/div><\/div><\/div>\n\t<div id=\"gap-692585183\" class=\"gap-element clearfix\" style=\"display:block; height:auto;\">\n\t\t\n<style>\n#gap-692585183 {\n  padding-top: 30px;\n}\n<\/style>\n\t<\/div>\n\t\n\n<h4>CarPlay<\/h4>\n<p>Palubn\u00ed syst\u00e9m CarPlay funguje v podstat\u011b stejn\u011b jako Android Auto s\u00a0n\u011bkolika drobn\u00fdmi rozd\u00edly. Integraci CarPlay nab\u00edzej\u00ed t\u00e9m\u011b\u0159 v\u0161ichni v\u00fdrobci vozidel krom\u011b Tesly (stav v b\u0159eznu 2022).\u00a0<\/p>\n<p>K v\u00fdhod\u00e1m jist\u011b pat\u0159\u00ed intuitivn\u00ed koncept ovl\u00e1d\u00e1n\u00ed od Apple na optimalizovan\u00e9m rozhran\u00ed CarPlay pro displeje a inovativn\u00ed hlasov\u00e9 ovl\u00e1d\u00e1n\u00ed (Siri \u2013 Speech Interpretation and Recognition Interface), s n\u00edm\u017e lze ovl\u00e1dat v\u011bt\u0161inu funkc\u00ed, jako je telefonov\u00e1n\u00ed, hudba, zpr\u00e1vy i navigace, ani\u017e by to v\u00fdrazn\u011bji odv\u00e1d\u011blo pozornost od \u0159\u00edzen\u00ed (pou\u017e\u00edv\u00e1n\u00ed rukou). To ka\u017edop\u00e1dn\u011b dod\u00e1v\u00e1 CarPlay p\u0159idanou hodnotu v\u010detn\u011b d\u016fle\u017eit\u00e9ho bezpe\u010dnostn\u00edho faktoru.<\/p>\n<p>Apple tak\u00e9 povoluje st\u00e1le v\u00edce aplikac\u00ed t\u0159et\u00edch stran, jako jsou Mapy Google pro u\u017e\u00edv\u00e1n\u00ed prost\u0159ednictv\u00edm CarPlay. Z\u00e1jemce tak m\u016f\u017ee p\u0159i koupi vozidla u\u0161et\u0159it dodate\u010dn\u00e9 n\u00e1klady na drah\u00fd syst\u00e9m pro infotainment.<\/p>\n<p>Prost\u0159ednictv\u00edm bezdr\u00e1tov\u00e9 technologie CarPlay lze snadno nav\u00e1zat spojen\u00ed mezi chytr\u00fdm telefonem a vozidlem pomoc\u00ed Bluetooth a WLAN. Samoz\u0159ejm\u011b je mo\u017en\u00e9 i \u0159e\u0161en\u00ed p\u0159es kabel.<\/p>\n<p>Dal\u0161\u00ed v\u00fdhodou je funkce aktualizace CarPlay v\u010detn\u011b nov\u00fdch funkc\u00ed p\u0159\u00edmo p\u0159es iPhone.<\/p>\n<p>Jedinou v\u00fdraznou nev\u00fdhodou CarPlay je omezen\u00e1 nab\u00eddka funkc\u00ed, kter\u00e9 se t\u00fdkaj\u00ed nap\u0159\u00edklad ovl\u00e1d\u00e1n\u00ed klimatizace nebo topen\u00ed ve vozidle, nebo st\u00e1le pon\u011bkud omezen\u00fd po\u010det dostupn\u00fdch aplikac\u00ed. Jak bylo v\u0161ak ozn\u00e1meno na konferenci WWDC 2022, od podzimu 2023 bude k dispozici nov\u00e1 verze, kter\u00e1 bude mimo jin\u00e9 um\u011bt ovl\u00e1dat i klimatizaci. Jako partne\u0159i byly v t\u00e9to souvislosti jmenov\u00e1ny spole\u010dnosti Porsche a Audi.<\/p>\n<h3>V\u00fdhody a nev\u00fdhody bezdr\u00e1tov\u00fdch \u0159e\u0161en\u00ed<\/h3>\n<p>Hlavn\u00ed v\u00fdhodou bezdr\u00e1tov\u00fdch p\u0159\u00edstup\u016f je, \u017ee odpad\u00e1 zdlouhav\u00e9 a pracn\u00e9 p\u0159ipojov\u00e1n\u00ed extern\u00edch za\u0159\u00edzen\u00ed. U\u017eivatel\u00e9 se tak ji\u017e tak\u00e9 nemus\u00ed pot\u00fdkat s dal\u0161\u00edmi kabely v interi\u00e9ru vozidla.<\/p>\n<p>Krom\u011b toho jsou nab\u00edjec\u00ed z\u00e1suvky chytr\u00fdch telefon\u016f chr\u00e1n\u011bny nebo se bez nich lze zcela obej\u00edt. Z hlediska ochrany proti prachu a vod\u011b to znamen\u00e1 o jedno slab\u00e9 m\u00edsto m\u00e9n\u011b. Na rozd\u00edl od dr\u00e1tov\u00fdch \u0159e\u0161en\u00ed, kde mus\u00ed b\u00fdt v\u017edy k dispozici spr\u00e1vn\u00fd kabel se spr\u00e1vn\u00fdmi z\u00e1str\u010dkami, standard Qi umo\u017e\u0148uje kombinovat v\u0161echny mo\u017en\u00e9 v\u00fdrobce a zna\u010dky (nab\u00edje\u010dky a mobiln\u00edho telefonu), proto\u017ee v\u011bt\u0161ina za\u0159\u00edzen\u00ed je vz\u00e1jemn\u011b kompatibiln\u00ed.<\/p>\n<p>Nejv\u011bt\u0161\u00ed nev\u00fdhodou bezdr\u00e1tov\u00e9ho p\u0159\u00edstupu je st\u00e1le relativn\u011b n\u00edzk\u00fd nab\u00edjec\u00ed v\u00fdkon, kter\u00fd lze v sou\u010dasn\u00e9 dob\u011b p\u0159en\u00e1\u0161et. Jak ji\u017e bylo zm\u00edn\u011bno, maxim\u00e1ln\u00ed nab\u00edjec\u00ed v\u00fdkon je 30 a\u017e 60 W. Sou\u010dasn\u011b jsou v\u0161ak ztr\u00e1ty energie ve form\u011b tepla pom\u011brn\u011b vysok\u00e9. Aktu\u00e1ln\u00ed aplikace USB ji\u017e maj\u00ed v\u00fdkon a\u017e 100\u00a0W (p\u0159es kabel) a u nov\u00fdch generac\u00ed se po\u010d\u00edt\u00e1 s v\u00fdkonem a\u017e 250 W. Vzhledem k ni\u017e\u0161\u00ed \u00fa\u010dinnosti ve srovn\u00e1n\u00ed s kabelov\u00fdm p\u0159\u00edstupem v\u0161ak u\u017eivatel mus\u00ed b\u00fdt st\u00e1le sm\u00ed\u0159en s obrovsk\u00fdmi ztr\u00e1tami, pokud jde o rychlost nab\u00edjen\u00ed. O rychl\u00e9m nab\u00edjen\u00ed zde nem\u016f\u017ee zat\u00edm b\u00fdt \u0159e\u010d. Teplo vznikaj\u00edc\u00ed p\u0159i nab\u00edjen\u00ed tak\u00e9 neprosp\u00edv\u00e1 baterii, co\u017e znamen\u00e1, \u017ee je t\u0159eba po\u010d\u00edtat s rychlej\u0161\u00edm opot\u0159eben\u00edm. Aby byl zaru\u010den bezchybn\u00fd proces nab\u00edjen\u00ed, mus\u00ed b\u00fdt nav\u00edc mobiln\u00ed telefon um\u00edst\u011bn na nab\u00edjec\u00ed stanici v p\u0159esn\u00e9 pozici. Pokud v d\u016fsledku m\u00edrn\u00fdch ot\u0159es\u016f sklouzne, proces nab\u00edjen\u00ed se p\u0159eru\u0161\u00ed, ani\u017e by se to cestuj\u00edc\u00ed ve vozidle musel dozv\u011bd\u011bt.<\/p>\n<p>Pozitivn\u00ed v\u0161ak je, \u017ee ji\u017e bezvadn\u011b funguje bezdr\u00e1tov\u00e1 datov\u00e1 komunikace mezi mobiln\u00edm koncov\u00fdm p\u0159\u00edstrojem a vozidlem nebo p\u0159\u00edslu\u0161nou \u0159\u00eddic\u00ed jednotkou prost\u0159ednictv\u00edm WLAN nebo Bluetooth. V tomto p\u0159\u00edpad\u011b lze do multimedi\u00e1ln\u00edho syst\u00e9mu p\u0159en\u00e9st mnoho aplikac\u00ed a s klidn\u00fdm sv\u011bdom\u00edm upustit od kabelov\u00e9ho \u0159e\u0161en\u00ed.<\/p>\n\n\n<style>\n.centered {\ntext-align: center;\n}\n<\/style>\n\n<strong><\/strong>\n<table class=\"products-table\" style=\"    background-color: rgb(245, 245, 247);; padding:5px 15px 15px 20px\">\n    <tbody>\n<tr>\n\n      <th class=\"table-head\">Kategorie<\/th>\n      <th class=\"table-head centered\">Bezdr\u00e1tov\u00e9 p\u0159ipojen\u00ed &#8211;<br> chytr\u00fd telefon s vozidlem\n<\/th>\n      <th class=\"table-head centered\">Kabelov\u00e9 p\u0159ipojen\u00ed &#8211; <br>chytr\u00fd telefon s vozidlem<\/th>\n<th><\/th>\n    <\/tr>\n    <tr>\n        <td>Nab\u00edjec\u00ed v\u00fdkon<\/td>\n        <td class=\"centered\">&#8211;<\/td>\n<td class=\"centered\">+<\/td>\n      <\/tr>\n      <tr>\n\n        <td>Rychlost p\u0159enosu dat<\/td>\n        <td class=\"centered\">+<\/td>\n<td class=\"centered\">+<\/td>\n      <\/tr>         \n    <tr>\n\n      <td>P\u0159ipojen\u00ed<\/td>\n        <td class=\"centered\">+<\/td>\n<td class=\"centered\">++<\/td>\n    <\/tr>\n    <tr>\n\n      <td>Manipulace<\/td>\n        <td class=\"centered\">+<\/td>\n<td class=\"centered\">0<\/td>\n    <\/tr>\n    <tr>\n\n      <td>N\u00e1klady na adapt\u00e9rov\u00fd kabel<\/td>\n        <td class=\"centered\">+<\/td>\n<td class=\"centered\">&#8211;<\/td>\n    <\/tr>\n    <tr>\n\n      <td>N\u00e1klady na syst\u00e9m<\/td>\n        <td class=\"centered\">0<\/td>\n<td class=\"centered\">+<\/td>\n    <\/tr>\n<tr>\n      \n    <\/tr>\n  <\/tbody><\/table>\n\n<p style=\"text-align: center;\"><span style=\"font-size: 80%;\">Bezdr\u00e1tov\u00e9 vs. kabelov\u00e9 p\u0159ipojen\u00ed mezi vozidlem a chytr\u00fdm telefonem<\/span><\/p>\n\t<div id=\"gap-24358216\" class=\"gap-element clearfix\" style=\"display:block; height:auto;\">\n\t\t\n<style>\n#gap-24358216 {\n  padding-top: 30px;\n}\n<\/style>\n\t<\/div>\n\t\n\n<h2>Jistota je jistota: kabelov\u00e9 p\u0159ipojen\u00ed<\/h2>\n<p>Spolehliv\u011bj\u0161\u00ed a efektivn\u011bj\u0161\u00ed mo\u017enost\u00ed nab\u00edjen\u00ed je jist\u011b p\u0159\u00edm\u00e9 p\u0159ipojen\u00ed chytr\u00e9ho telefonu k nab\u00edjec\u00edmu modulu USB, vyvinut\u00e9mu p\u0159\u00edmo pro tento \u00fa\u010del pomoc\u00ed adapt\u00e9rov\u00e9ho kabelu. Tyto moduly jsou standardn\u011b instalov\u00e1ny do vozidel s nab\u00edjec\u00edm v\u00fdkonem a\u017e 100 W v jednoduch\u00e9m nebo dvojit\u00e9m proveden\u00ed.<\/p>\n<p>Aby se u\u0161et\u0159ilo trochu m\u00edsta nav\u00edc na palubn\u00ed desce, lze se uch\u00fdlit k tzv. vzd\u00e1len\u00fdm \u0159e\u0161en\u00edm, kdy je v palubn\u00ed desce instalov\u00e1no pouze z\u00e1kaznick\u00e9 rozhran\u00ed a souvisej\u00edc\u00ed elektronika je \u201eukryta\u201c jinde (nap\u0159. v jin\u00e9 \u0159\u00eddic\u00ed jednotce).<\/p>\n<div class=\"row\"  id=\"row-367124446\">\n\n\n\t<div id=\"col-1951450110\" class=\"col small-12 large-12\"  >\n\t\t\t\t<div class=\"col-inner text-center\"  >\n\t\t\t\n\t\t\t\n\n\t<div class=\"img has-hover x md-x lg-x y md-y lg-y\" id=\"image_2099687086\">\n\t\t<a class=\"image-lightbox lightbox-gallery\" title=\"\" href=\"https:\/\/www.md-elektronik.com\/wp-content\/uploads\/2022\/10\/c-klic-vs-usb-lademodul.png\">\t\t\t\t\t\t<div class=\"img-inner dark\" >\n\t\t\t<img decoding=\"async\" width=\"719\" height=\"414\" src=\"https:\/\/www.md-elektronik.com\/wp-content\/uploads\/2022\/10\/c-klic-vs-usb-lademodul.png\" class=\"attachment-large size-large\" alt=\"\" srcset=\"https:\/\/www.md-elektronik.com\/wp-content\/uploads\/2022\/10\/c-klic-vs-usb-lademodul.png 719w, https:\/\/www.md-elektronik.com\/wp-content\/uploads\/2022\/10\/c-klic-vs-usb-lademodul-300x173.png 300w\" sizes=\"(max-width: 719px) 100vw, 719px\" \/>\t\t\t\t\t\t\n\t\t\t\t\t<\/div>\n\t\t\t\t\t\t<\/a>\t\t\n<style>\n#image_2099687086 {\n  width: 50%;\n}\n<\/style>\n\t<\/div>\n\t\n\n<p style=\"text-align: center;\"><span style=\"font-size: 80%;\">Vzd\u00e1len\u00e9 z\u00e1kaznick\u00e9 rozhran\u00ed s p\u0159ipojen\u00edm C-KLIC vs. nab\u00edjec\u00ed modul USB s konektorem USB-C<\/span><\/p>\n\n\t\t<\/div>\n\t\t\t\t\t<\/div>\n\n\t\n\n<\/div>\n\t<div id=\"gap-111454816\" class=\"gap-element clearfix\" style=\"display:block; height:auto;\">\n\t\t\n<style>\n#gap-111454816 {\n  padding-top: 45px;\n}\n<\/style>\n\t<\/div>\n\t\n\n<h2>Shrnut\u00ed a z\u00e1v\u011br<\/h2>\n<p>Souhrnn\u011b lze \u0159\u00edci, \u017ee funkce bezdr\u00e1tov\u00e9ho nab\u00edjen\u00ed je velmi praktick\u00e1. Pokud jde o v\u00fdkon a \u00fa\u010dinnost nab\u00edjen\u00ed, je v\u0161ak st\u00e1le co zlep\u0161ovat. Pokud m\u00e1 b\u00fdt nab\u00edjen\u00ed rychl\u00e9 a bezpe\u010dn\u00e9, pak je rozhodn\u011b lep\u0161\u00ed volbou nab\u00edjen\u00ed pomoc\u00ed kabelu.<\/p>\n<p>V oblasti bezdr\u00e1tov\u00e9ho p\u0159enosu dat (Android Auto, CarPlay) se v\u0161ak zd\u00e1, \u017ee se ji\u017e pokro\u010dilo mnohem d\u00e1l. Komunikace s vozidlem funguje velmi spolehliv\u011b prost\u0159ednictv\u00edm Bluetooth a WLAN a v\u0161echny pot\u0159ebn\u00e9 aplikace lze p\u0159en\u00e9st do syst\u00e9mu pro infotainment. Kabelov\u00e9 p\u0159ipojen\u00ed vy\u017eaduje pouze prvn\u00ed propojen\u00ed pomoc\u00ed syst\u00e9mu Android Auto.<\/p>\n\t<div id=\"gap-123150892\" class=\"gap-element clearfix\" style=\"display:block; height:auto;\">\n\t\t\n<style>\n#gap-123150892 {\n  padding-top: 30px;\n}\n<\/style>\n\t<\/div>\n\t\n\n<div class=\"message-box relative product-message-box-v2 hide-for-medium\" ><div class=\"message-box-bg-image bg-fill fill\" ><\/div><div class=\"message-box-bg-overlay bg-fill fill\" ><\/div><div class=\"container relative\"><div class=\"inner last-reset\">\n\n<div class=\"row row-collapse align-equal align-center product-message-box\"  id=\"row-1583028285\">\n\n\n\t<div id=\"col-54488942\" class=\"col medium-4 small-12 large-4\"  >\n\t\t\t\t<div class=\"col-inner text-center\"  >\n\t\t\t\n\t\t\t\n\n\t<div class=\"img has-hover x md-x lg-x y md-y lg-y\" id=\"image_840098841\">\n\t\t\t\t\t\t\t\t<div class=\"img-inner dark\" >\n\t\t\t<img decoding=\"async\" width=\"1020\" height=\"719\" src=\"https:\/\/www.md-elektronik.com\/wp-content\/uploads\/2022\/10\/USB-C-CAM-001-DINA5-V1-HQ-002-1024x722.jpg\" class=\"attachment-large size-large\" alt=\"\" srcset=\"https:\/\/www.md-elektronik.com\/wp-content\/uploads\/2022\/10\/USB-C-CAM-001-DINA5-V1-HQ-002.jpg 1024w, https:\/\/www.md-elektronik.com\/wp-content\/uploads\/2022\/10\/USB-C-CAM-001-DINA5-V1-HQ-002-300x211.jpg 300w, https:\/\/www.md-elektronik.com\/wp-content\/uploads\/2022\/10\/USB-C-CAM-001-DINA5-V1-HQ-002-768x541.jpg 768w\" sizes=\"(max-width: 1020px) 100vw, 1020px\" \/>\t\t\t\t\t\t\n\t\t\t\t\t<\/div>\n\t\t\t\t\t\t\t\t\n<style>\n#image_840098841 {\n  width: 100%;\n}\n<\/style>\n\t<\/div>\n\t\n\n\n\t\t<\/div>\n\t\t\t\t\t<\/div>\n\n\t\n\n\t<div id=\"col-627035445\" class=\"col medium-7 small-12 large-7\"  >\n\t\t\t\t<div class=\"col-inner\"  >\n\t\t\t\n\t\t\t\n\n\t<div id=\"gap-1756115384\" class=\"gap-element clearfix\" style=\"display:block; height:auto;\">\n\t\t\n<style>\n#gap-1756115384 {\n  padding-top: 30px;\n}\n<\/style>\n\t<\/div>\n\t\n\n<p><strong>Chcete integrovat USB-C do vozidla a hled\u00e1te vhodn\u00fd produkt? <br \/><\/strong><span style=\"font-size: 90%;\">Pak jsou dokonal\u00fdm \u0159e\u0161en\u00edm na\u0161e elektronick\u00e9 moduly. <\/span> <\/p>\n<a href=\"https:\/\/www.md-elektronik.com\/cs\/vyrobky\/elektronika\/moduly-pro-elektroniku\/\" class=\"button primary is-outline is-smaller\"  style=\"border-radius:99px;\">\n\t\t<span>V\u00edce...<\/span>\n\t<\/a>\n\n\n\n\t\t<\/div>\n\t\t\t\t\t<\/div>\n\n\t\n\n<\/div>\n\n<\/div><\/div><\/div>\n\t<div id=\"gap-1800539691\" class=\"gap-element clearfix\" style=\"display:block; height:auto;\">\n\t\t\n<style>\n#gap-1800539691 {\n  padding-top: 30px;\n}\n<\/style>\n\t<\/div>\n\t\n\n<div class=\"message-box relative table-of-contents-message-box\" style=\"padding-top:30px;padding-bottom:30px;\"><div class=\"message-box-bg-image bg-fill fill\" ><\/div><div class=\"message-box-bg-overlay bg-fill fill\" ><\/div><div class=\"container relative\"><div class=\"inner last-reset\">\n\n<div class=\"row align-bottom align-center\"  id=\"row-1026129852\">\n\n\n\t<div id=\"col-656516430\" class=\"col medium-5 small-12 large-5\"  >\n\t\t\t\t<div class=\"col-inner\"  >\n\t\t\t\n\t\t\t\n\n<p><span style=\"font-size: 130%;\"><strong>O Klausi Bramhoferovi<\/strong><\/span><\/p>\n\t<div id=\"gap-8227912\" class=\"gap-element clearfix\" style=\"display:block; height:auto;\">\n\t\t\n<style>\n#gap-8227912 {\n  padding-top: 10px;\n}\n<\/style>\n\t<\/div>\n\t\n\n\t<div class=\"img has-hover x md-x lg-x y md-y lg-y\" id=\"image_1379881064\">\n\t\t\t\t\t\t\t\t<div class=\"img-inner dark\" >\n\t\t\t<img decoding=\"async\" width=\"1020\" height=\"1020\" src=\"https:\/\/www.md-elektronik.com\/wp-content\/uploads\/2021\/12\/klaus_ladenburger_md_quadrat-1024x1024.jpg\" class=\"attachment-large size-large\" alt=\"\" srcset=\"https:\/\/www.md-elektronik.com\/wp-content\/uploads\/2021\/12\/klaus_ladenburger_md_quadrat.jpg 1024w, https:\/\/www.md-elektronik.com\/wp-content\/uploads\/2021\/12\/klaus_ladenburger_md_quadrat-300x300.jpg 300w, https:\/\/www.md-elektronik.com\/wp-content\/uploads\/2021\/12\/klaus_ladenburger_md_quadrat-150x150.jpg 150w, https:\/\/www.md-elektronik.com\/wp-content\/uploads\/2021\/12\/klaus_ladenburger_md_quadrat-768x768.jpg 768w\" sizes=\"(max-width: 1020px) 100vw, 1020px\" \/>\t\t\t\t\t\t\n\t\t\t\t\t<\/div>\n\t\t\t\t\t\t\t\t\n<style>\n#image_1379881064 {\n  width: 100%;\n}\n<\/style>\n\t<\/div>\n\t\n\n\n\t\t<\/div>\n\t\t\t\t\t<\/div>\n\n\t\n\n\t<div id=\"col-909606849\" class=\"col medium-7 small-12 large-7\"  >\n\t\t\t\t<div class=\"col-inner\"  >\n\t\t\t\n\t\t\t\n\n<p>Klaus Bramhofer je vedouc\u00edm technick\u00e9ho produktov\u00e9ho managementu ve spole\u010dnosti MD. Jeho \u00fakolem je rozv\u00edjet spole\u010dnost MD jako dodavatele a partnera pro v\u00fdvoj konektorov\u00fdch komponent\u016f v automobilov\u00e9m pr\u016fmyslu. Se sv\u00fdmi v\u00edce ne\u017e dev\u00edti lety zku\u0161enost\u00ed v oboru je skute\u010dn\u00fdm odborn\u00edkem v t\u00e9to oblasti. Pot\u00e9, co ve spole\u010dnosti za\u010d\u00ednal jako aplika\u010dn\u00ed in\u017een\u00fdr, vybudoval a \u0159\u00eddil v\u00fdvojov\u00e9 odd\u011blen\u00ed na pozici Manager Development Sensor Cables (mana\u017eer v\u00fdvoje senzorick\u00fdch kabel\u016f). Krom\u011b \u00fazk\u00e9ho kontaktu se z\u00e1kazn\u00edky a pr\u00e1ce v glob\u00e1ln\u00edm t\u00fdmu si v\u00e1\u017e\u00ed zejm\u00e9na mezikulturn\u00edch zku\u0161enost\u00ed, kter\u00e9 s sebou jeho pr\u00e1ce p\u0159in\u00e1\u0161\u00ed.<\/p>\n\n\t\t<\/div>\n\t\t\t\t\t<\/div>\n\n\t\n\n<\/div>\n\n<\/div><\/div><\/div>\n\t<div id=\"gap-1192673509\" class=\"gap-element clearfix\" style=\"display:block; height:auto;\">\n\t\t\n<style>\n#gap-1192673509 {\n  padding-top: 30px;\n}\n<\/style>\n\t<\/div>\n\t\n\n<p><span style=\"font-size: 80%;\">Zdroje:<br \/><\/span><span style=\"font-size: 80%;\"><a  href=\"https:\/\/www.pcwelt.de\/ratgeber\/Android-Auto-im-Test-Funktionen-Apps-Auto-Hersteller-Varianten-9893777.html\"  dpc-external=\"true\"  target=\"_blank\"  rel=\"nofollow\" >Android Auto im Test: Funktionen, Apps, Auto-Hersteller, Varianten &#8211; PC-WELT (pcwelt.de)<\/a><\/span><br \/><span style=\"font-size: 80%;\"><a  href=\"https:\/\/www.macwelt.de\/a\/apple-carplay-im-test-funktionen-apps-anbieter-wireless-carplay,3291882\"  dpc-external=\"true\"  target=\"_blank\"  rel=\"nofollow\" >Apple Carplay im Test: Funktionen, Apps, Anbieter, wireless Carplay &#8211; Macwelt<\/a><\/span><br \/><span style=\"font-size: 80%;\"><a  href=\"https:\/\/www.mobile.de\/magazin\/artikel\/qi-ladegeraet-im-auto-wozu--29786\"  dpc-external=\"true\"  target=\"_blank\"  rel=\"nofollow\" >Induktives Qi-Ladeger\u00e4t im Auto: Wozu? | mobile.de<\/a><\/span><\/p>\n\n","protected":false},"excerpt":{"rendered":"<p>Jak\u00e1 \u0159e\u0161en\u00ed jsou v sou\u010dasnosti k dispozici a pro\u010d je kabelov\u00e9 p\u0159ipojen\u00ed st\u00e1le je\u0161t\u011b lep\u0161\u00ed volbou?<\/p>\n","protected":false},"author":9,"featured_media":13630,"comment_status":"closed","ping_status":"closed","sticky":false,"template":"","format":"standard","meta":{"footnotes":""},"categories":[94],"tags":[],"class_list":["post-13512","post","type-post","status-publish","format-standard","has-post-thumbnail","hentry","category-news-cs"],"_links":{"self":[{"href":"https:\/\/www.md-elektronik.com\/cs\/wp-json\/wp\/v2\/posts\/13512","targetHints":{"allow":["GET"]}}],"collection":[{"href":"https:\/\/www.md-elektronik.com\/cs\/wp-json\/wp\/v2\/posts"}],"about":[{"href":"https:\/\/www.md-elektronik.com\/cs\/wp-json\/wp\/v2\/types\/post"}],"author":[{"embeddable":true,"href":"https:\/\/www.md-elektronik.com\/cs\/wp-json\/wp\/v2\/users\/9"}],"replies":[{"embeddable":true,"href":"https:\/\/www.md-elektronik.com\/cs\/wp-json\/wp\/v2\/comments?post=13512"}],"version-history":[{"count":15,"href":"https:\/\/www.md-elektronik.com\/cs\/wp-json\/wp\/v2\/posts\/13512\/revisions"}],"predecessor-version":[{"id":14043,"href":"https:\/\/www.md-elektronik.com\/cs\/wp-json\/wp\/v2\/posts\/13512\/revisions\/14043"}],"wp:featuredmedia":[{"embeddable":true,"href":"https:\/\/www.md-elektronik.com\/cs\/wp-json\/wp\/v2\/media\/13630"}],"wp:attachment":[{"href":"https:\/\/www.md-elektronik.com\/cs\/wp-json\/wp\/v2\/media?parent=13512"}],"wp:term":[{"taxonomy":"category","embeddable":true,"href":"https:\/\/www.md-elektronik.com\/cs\/wp-json\/wp\/v2\/categories?post=13512"},{"taxonomy":"post_tag","embeddable":true,"href":"https:\/\/www.md-elektronik.com\/cs\/wp-json\/wp\/v2\/tags?post=13512"}],"curies":[{"name":"wp","href":"https:\/\/api.w.org\/{rel}","templated":true}]}}