{"id":19203,"date":"2023-11-16T07:55:23","date_gmt":"2023-11-16T06:55:23","guid":{"rendered":"https:\/\/www.md-elektronik.com\/?p=19203"},"modified":"2023-11-16T07:55:25","modified_gmt":"2023-11-16T06:55:25","slug":"asistencni-systemy-ridice-zazivaji-boom-dopad-na-oblast-palubni-site","status":"publish","type":"post","link":"https:\/\/www.md-elektronik.com\/cs\/asistencni-systemy-ridice-zazivaji-boom-dopad-na-oblast-palubni-site\/","title":{"rendered":"Asisten\u010dn\u00ed syst\u00e9my \u0159idi\u010de za\u017e\u00edvaj\u00ed boom \u2013\u00a0dopad na oblast palubn\u00ed s\u00edt\u011b\u00a0"},"content":{"rendered":"\n<h2><strong>Rozhovor s Martinem Wittmannem o jeho pr\u00e1ci v MD, o rostouc\u00edm po\u010dtu elektronick\u00fdch asistent\u016f v modern\u00edch vozidlech, o dopadu na dodavatele automobilov\u00e9ho pr\u016fmyslu a o tom, jak se MD p\u0159ipravuje na souvisej\u00edc\u00ed v\u00fdvoj.<\/strong><\/h2>\n\t<div id=\"gap-2105172978\" class=\"gap-element clearfix\" style=\"display:block; height:auto;\">\n\t\t\n<style>\n#gap-2105172978 {\n  padding-top: 30px;\n}\n<\/style>\n\t<\/div>\n\t\n\n<div class=\"row\"  id=\"row-647603081\">\n\n\n\t<div id=\"col-1429409718\" class=\"col medium-6 small-12 large-6\"  >\n\t\t\t\t<div class=\"col-inner\"  >\n\t\t\t\n\t\t\t\n\n<p>Tech Talk je s\u00e9rie rozhovor\u016f, ve kter\u00e9 v\u00e1m p\u0159edstav\u00edme inspirativn\u00ed osobnosti nejen ze spole\u010dnosti MD a ze sv\u011bta technologi\u00ed, inovac\u00ed a dal\u0161\u00edch oblast\u00ed. V tomto d\u00edle jsme se se\u0161li s Martinem Witmannem, aplika\u010dn\u00edm in\u017een\u00fdrem v divizi mezin\u00e1rodn\u00edho prodeje spole\u010dnosti MD. Hovo\u0159\u00edme o jeho pr\u00e1ci v MD, o na\u0159\u00edzen\u00ed EU 2019\/2144, kter\u00e9 stanov\u00ed, \u017ee nov\u00e1 vozidla mus\u00ed b\u00fdt od l\u00e9ta 2024 vybavena \u0159adou asisten\u010dn\u00edch syst\u00e9m\u016f \u0159idi\u010de, a o tom, jak se s touto situac\u00ed vyrovn\u00e1vaj\u00ed dodavatel\u00e9 v oblasti palubn\u00edch s\u00edt\u00ed i samotn\u00e1 spole\u010dnost MD.<\/p>\n\n\t\t<\/div>\n\t\t\t\t\t<\/div>\n\n\t\n\n\t<div id=\"col-780290144\" class=\"col medium-6 small-12 large-6 small-col-first\"  >\n\t\t\t\t<div class=\"col-inner\"  >\n\t\t\t\n\t\t\t\n\n\t<div class=\"img has-hover x md-x lg-x y md-y lg-y\" id=\"image_43017839\">\n\t\t\t\t\t\t\t\t<div class=\"img-inner dark\" >\n\t\t\t<img decoding=\"async\" width=\"800\" height=\"800\" src=\"https:\/\/www.md-elektronik.com\/wp-content\/uploads\/2023\/11\/DSC06251-Wittmann-Martin-high.jpg\" class=\"attachment-large size-large\" alt=\"\" srcset=\"https:\/\/www.md-elektronik.com\/wp-content\/uploads\/2023\/11\/DSC06251-Wittmann-Martin-high.jpg 800w, https:\/\/www.md-elektronik.com\/wp-content\/uploads\/2023\/11\/DSC06251-Wittmann-Martin-high-300x300.jpg 300w, https:\/\/www.md-elektronik.com\/wp-content\/uploads\/2023\/11\/DSC06251-Wittmann-Martin-high-150x150.jpg 150w, https:\/\/www.md-elektronik.com\/wp-content\/uploads\/2023\/11\/DSC06251-Wittmann-Martin-high-768x768.jpg 768w\" sizes=\"(max-width: 800px) 100vw, 800px\" \/>\t\t\t\t\t\t\n\t\t\t\t\t<\/div>\n\t\t\t\t\t\t\t\t\n<style>\n#image_43017839 {\n  width: 100%;\n}\n@media (min-width:550px) {\n  #image_43017839 {\n    width: 100%;\n  }\n}\n<\/style>\n\t<\/div>\n\t\n\n\n\t\t<\/div>\n\t\t\t\t\t<\/div>\n\n\t\n\n<\/div>\n<p><strong>Martine, \u0159ekni pros\u00edm n\u011bco o sob\u011b. Jak\u00e1 byla tvoje profesn\u00ed kari\u00e9ra a \u010deho si na sv\u00e9 pr\u00e1ci v MD cen\u00ed\u0161.<\/strong><\/p>\n<p>Jmenuji se Martin, je mi 36 let a pracuji jako aplika\u010dn\u00ed in\u017een\u00fdr senior v odd\u011blen\u00ed mezin\u00e1rodn\u00edho prodeje. V MD jsem za\u010dal pracovat p\u0159ed v\u00edce ne\u017e 8 lety jako v\u00fdvojov\u00fd in\u017een\u00fdr a v roce 2019 jsem p\u0159e\u0161el na pozici aplika\u010dn\u00edho in\u017een\u00fdra. U sv\u00e9ho p\u0159edchoz\u00edho zam\u011bstnavatele jsem m\u011bl mimo jin\u00e9 na starosti v\u00fdvoj a technick\u00fd prodej nab\u00edjec\u00edch stanic pro elektromobily.<\/p>\n<p>Jako aplika\u010dn\u00ed in\u017een\u00fdr jsem jako technick\u00fd spojovac\u00ed \u010dl\u00e1nek se z\u00e1kazn\u00edkem zodpov\u011bdn\u00fd za v\u00fdvoj a implementaci \u0159e\u0161en\u00ed slo\u017eit\u00fdch technick\u00fdch \u00fakol\u016f. Velmi m\u011b t\u011b\u0161\u00ed pravideln\u00fd kontakt a dialog s na\u0161imi zahrani\u010dn\u00edmi z\u00e1kazn\u00edky. \u00dakoly jsou velmi rozmanit\u00e9 a zaj\u00edmav\u00e9, proto\u017ee p\u0159\u00edslu\u0161n\u00e9 po\u017eadavky na na\u0161e v\u00fdrobky se mohou li\u0161it v z\u00e1vislosti na v\u00fdrobci OEM a mus\u00edme spolupracovat s r\u016fzn\u00fdmi intern\u00edmi odd\u011blen\u00edmi, kter\u00e1 jsou nezbytn\u00e1 pro realizaci.<\/p>\n<p><strong>Od l\u00e9ta p\u0159\u00ed\u0161t\u00edho roku bude do zna\u010dn\u00e9 m\u00edry platit na\u0159\u00edzen\u00ed EU 2019\/2144, kter\u00e9 stanov\u00ed, \u017ee v\u0161echna nov\u00e1 auta mus\u00ed b\u00fdt vybavena ur\u010dit\u00fdmi asisten\u010dn\u00edmi syst\u00e9my \u0159idi\u010de. Popi\u0161 n\u00e1m pros\u00edm, co to znamen\u00e1 pro automobilov\u00fd pr\u016fmysl.<\/strong><\/p>\n<p>Skute\u010dnost, \u017ee se do ka\u017ed\u00e9ho vozidla instaluje st\u00e1le v\u00edce senzor\u016f, kamer a podobn\u00fdch syst\u00e9m\u016f, nen\u00ed novinkou. Povinn\u00e1 instalace mnoha asisten\u010dn\u00edch syst\u00e9m\u016f \u0159idi\u010de v\u0161ak tento trend jist\u011b pos\u00edlila. D\u0159\u00edve mohli v\u00fdrobci automobil\u016f nab\u00edzet z\u00e1kladn\u00ed modely bez mnoha dopl\u0148k\u016f, ale dnes mus\u00ed m\u00edt i tyto modely mnohem bohat\u0161\u00ed v\u00fdbavu. A aby se pr\u00e9miov\u00e9 modely odli\u0161ily a zachovaly si sv\u016fj charakter, bude v automobilech vy\u0161\u0161\u00ed t\u0159\u00eddy pou\u017eito je\u0161t\u011b v\u00edce a je\u0161t\u011b sofistikovan\u011bj\u0161\u00edch technologi\u00ed. To jist\u011b povede k dal\u0161\u00edmu tlaku na inovace a k dal\u0161\u00edmu zv\u00fd\u0161en\u00ed popt\u00e1vky ze strany p\u0159\u00edslu\u0161n\u00fdch dodavatel\u016f.<\/p>\n<p><strong>Jak vid\u00ed\u0161 dopady na dodavatele, zejm\u00e9na v oblasti palubn\u00edch s\u00edt\u00ed, a na v\u00fdrobce kabelov\u00e9 konfekce?<\/strong><\/p>\n<p>Spole\u010dnost se samoz\u0159ejm\u011b musela zpo\u010d\u00e1tku p\u0159izp\u016fsobit vy\u0161\u0161\u00edm objem\u016fm v\u00fdroby a dod\u00e1vek, aby uspokojila zv\u00fd\u0161enou popt\u00e1vku ze strany OEM. S t\u00edm, jak asisten\u010dn\u00ed syst\u00e9my p\u0159eb\u00edraj\u00ed st\u00e1le v\u00edce odpov\u011bdnosti a v mnoha p\u0159\u00edpadech p\u0159\u00edmo zasahuj\u00ed do \u0159\u00edzen\u00ed vozidla, roste v\u00fdznam zabezpe\u010den\u00ed datov\u00fdch kabel\u016f, co\u017e vede k vy\u0161\u0161\u00edm po\u017eadavk\u016fm na stupe\u0148 automatizace, kvalitu a sledovatelnost. S rostouc\u00edm po\u010dtem datov\u00fdch kabel\u016f ve vozidle rostou i n\u00e1roky na hmotnost a prostor. B\u011b\u017en\u00fdmi zp\u016fsoby \u0159e\u0161en\u00ed t\u011bchto probl\u00e9m\u016f jsou miniaturizace, hybridn\u00ed kabelov\u00e9 svazky a odpov\u00eddaj\u00edc\u00ed flexibilita p\u0159i konfekci kabel\u016f.<\/p>\n<p><strong>Jak MD tyto v\u00fdzvy \u0159e\u0161\u00ed?<\/strong><\/p>\n<p>Zam\u011b\u0159ujeme se na automatizovanou v\u00fdrobu s automatick\u00fdm sledov\u00e1n\u00edm proces\u016f na stroj\u00edch, kter\u00e9 jsme sami vyvinuli a postavili. T\u00edm zaru\u010dujeme pot\u0159ebnou rychlost v\u00fdroby, p\u0159esnost a dodr\u017een\u00ed v\u0161ech kvalitativn\u00edch specifikac\u00ed. Z\u00e1rove\u0148 jsme v\u0161ak dostate\u010dn\u011b flexibiln\u00ed, abychom byli schopni \u0159e\u0161it st\u00e1le v\u00edce variant a rychlej\u0161\u00ed v\u00fdvojov\u00e9 cykly.&nbsp;<\/p>\n<p>D\u016fraz je v\u0161ak kladen tak\u00e9 na v\u00fdvoj nov\u00fdch syst\u00e9m\u016f p\u0159enosu dat. Nap\u0159\u00edklad v budouc\u00edch architektur\u00e1ch vozidel budou optick\u00e1 p\u0159enosov\u00e1 \u0159e\u0161en\u00ed nab\u00edzet velk\u00fd potenci\u00e1l pro vy\u0161\u0161\u00ed p\u0159enosov\u00e9 rychlosti, ni\u017e\u0161\u00ed hmotnost, v\u011bt\u0161\u00ed spolehlivost a bezpe\u010dnost, zejm\u00e9na proti elektromagnetick\u00e9mu ru\u0161en\u00ed.<\/p>\n<p><strong>A nakonec, m\u016f\u017ee\u0161 n\u00e1m pros\u00edm uv\u00e9st p\u0159\u00edklady konkr\u00e9tn\u00edch komponent\u016f, kter\u00e9 MD dod\u00e1v\u00e1 pro n\u011bkter\u00e9 asisten\u010dn\u00ed syst\u00e9my, kter\u00e9 budou brzy povinn\u00e9 ve v\u0161ech nov\u00fdch vozidlech?<\/strong><\/p>\n<p>Asisten\u010dn\u00ed syst\u00e9my, jako je asistent rychlosti, asistent nouzov\u00e9ho brzd\u011bn\u00ed, asistent udr\u017eov\u00e1n\u00ed v j\u00edzdn\u00edm pruhu a asistent couv\u00e1n\u00ed, maj\u00ed r\u016fzn\u00e9 re\u017eimy \u010dinnosti a senzory a kamery, kter\u00e9 jsou pro n\u011b pot\u0159ebn\u00e9, vy\u017eaduj\u00ed pro p\u0159enos sign\u00e1l\u016f r\u016fzn\u00e9 datov\u00e9 kabely. Nap\u0159\u00edklad u asistenta rychlosti se pro rozpozn\u00e1v\u00e1n\u00ed zna\u010dek pou\u017e\u00edv\u00e1 kamera. K \u0159\u00eddic\u00edm jednotk\u00e1m se obvykle p\u0159ipojuje pomoc\u00ed koaxi\u00e1ln\u00edch kabel\u016f (FAKRA nebo mini koax).<\/p>\n<p>Na druh\u00e9 stran\u011b jsou nap\u0159\u00edklad pro asistenta nouzov\u00e9ho brzd\u011bn\u00ed zapot\u0159eb\u00ed senzory, jako jsou radarov\u00e9 senzory nebo senzory lidar. Jejich p\u0159enos sign\u00e1lu se obvykle realizuje pomoc\u00ed ethernetov\u00fdch kabel\u016f. Spole\u010dnost MD dod\u00e1v\u00e1 nap\u0159\u00edklad kroucenou dvojlinku, jako je H-MTD\/GEMnet nebo MATEnet.<\/p>\n<p><strong>Martine, velk\u00e9 d\u00edky za velmi zaj\u00edmav\u00fd rozhovor!<\/strong><\/p>\n\t<div id=\"gap-1732998434\" class=\"gap-element clearfix\" style=\"display:block; height:auto;\">\n\t\t\n<style>\n#gap-1732998434 {\n  padding-top: 20px;\n}\n<\/style>\n\t<\/div>\n\t\n\n<div class=\"row\"  id=\"row-1403402909\">\n\n\n\t<div id=\"col-556775063\" class=\"col small-12 large-12\"  >\n\t\t\t\t<div class=\"col-inner\"  >\n\t\t\t\n\t\t\t\n\n<div class=\"message-box relative\" style=\"padding-top:15px;padding-bottom:15px;\"><div class=\"message-box-bg-image bg-fill fill\" ><\/div><div class=\"message-box-bg-overlay bg-fill fill\" style=\"background-color:rgb(245, 245, 247);\"><\/div><div class=\"container relative\"><div class=\"inner last-reset\">\n\n\t<div id=\"gap-222108857\" class=\"gap-element clearfix\" style=\"display:block; height:auto;\">\n\t\t\n<style>\n#gap-222108857 {\n  padding-top: 20px;\n}\n<\/style>\n\t<\/div>\n\t\n\n<p><strong>Rostouc\u00ed po\u010det, vy\u0161\u0161\u00ed po\u017eadavky na kvalitu \u2013 dodavatel\u00e9 z oblasti palubn\u00ed s\u00edt\u011b \u010del\u00ed v\u00fdzv\u00e1m<\/strong><\/p>\n<p>Na\u0159\u00edzen\u00ed EU 2019\/2144, podle kter\u00e9ho bude od l\u00e9ta 2024 v nov\u00fdch vozidlech povinn\u011b instalov\u00e1no velk\u00e9 mno\u017estv\u00ed asisten\u010dn\u00edch syst\u00e9m\u016f \u0159idi\u010de, je jen jedn\u00edm z dal\u0161\u00edch faktor\u016f dlouhodob\u00e9ho trendu: Dal\u0161\u00ed v\u00fdvoj palubn\u00ed s\u00edt\u011b je pro dodavatele v\u00fdzvou, pokud jde o v\u011bt\u0161\u00ed mno\u017estv\u00ed, zvy\u0161uj\u00edc\u00ed se po\u017eadavky na kvalitu a miniaturizaci datov\u00fdch kabel\u016f.<\/p>\n<p>Aby spole\u010dnost MD splnila rostouc\u00ed po\u017eadavky na p\u0159enosov\u00e9 rychlosti, sn\u00ed\u017een\u00ed hmotnosti a kvalitu, reaguje na tyto v\u00fdzvy automatizovanou v\u00fdrobou, vysokou flexibilitou a v\u00fdvojem nov\u00fdch syst\u00e9m\u016f p\u0159enosu dat, jako jsou optick\u00e1 \u0159e\u0161en\u00ed.<\/p>\n\t<div id=\"gap-982178900\" class=\"gap-element clearfix\" style=\"display:block; height:auto;\">\n\t\t\n<style>\n#gap-982178900 {\n  padding-top: 20px;\n}\n<\/style>\n\t<\/div>\n\t\n\n\t<div id=\"gap-67719948\" class=\"gap-element clearfix\" style=\"display:block; height:auto;\">\n\t\t\n<style>\n#gap-67719948 {\n  padding-top: 20px;\n}\n<\/style>\n\t<\/div>\n\t\n\n\n<\/div><\/div><\/div>\n\n\t\t<\/div>\n\t\t\t\t\t<\/div>\n\n\t\n\n<\/div>\n\t<div id=\"gap-1166668180\" class=\"gap-element clearfix\" style=\"display:block; height:auto;\">\n\t\t\n<style>\n#gap-1166668180 {\n  padding-top: 20px;\n}\n<\/style>\n\t<\/div>\n\t\n\n<div class=\"message-box relative\" style=\"padding-top:30px;padding-bottom:30px;\"><div class=\"message-box-bg-image bg-fill fill\" ><\/div><div class=\"message-box-bg-overlay bg-fill fill\" style=\"background-color:rgb(245, 245, 247);\"><\/div><div class=\"container relative\"><div class=\"inner last-reset\">\n\n<div class=\"row align-equal align-center\"  id=\"row-971283413\">\n\n\n\t<div id=\"col-675713419\" class=\"col medium-3 small-12 large-3\"  >\n\t\t\t\t<div class=\"col-inner\"  >\n\t\t\t\n\t\t\t\n\n\t<div id=\"gap-2033870821\" class=\"gap-element clearfix\" style=\"display:block; height:auto;\">\n\t\t\n<style>\n#gap-2033870821 {\n  padding-top: 10px;\n}\n<\/style>\n\t<\/div>\n\t\n\n\t<div class=\"img has-hover img-rounded x md-x lg-x y md-y lg-y\" id=\"image_236671652\">\n\t\t\t\t\t\t\t\t<div class=\"img-inner dark\" >\n\t\t\t<img decoding=\"async\" width=\"800\" height=\"800\" src=\"https:\/\/www.md-elektronik.com\/wp-content\/uploads\/2023\/11\/DSC06251-Wittmann-Martin-high.jpg\" class=\"attachment-large size-large\" alt=\"\" srcset=\"https:\/\/www.md-elektronik.com\/wp-content\/uploads\/2023\/11\/DSC06251-Wittmann-Martin-high.jpg 800w, https:\/\/www.md-elektronik.com\/wp-content\/uploads\/2023\/11\/DSC06251-Wittmann-Martin-high-300x300.jpg 300w, https:\/\/www.md-elektronik.com\/wp-content\/uploads\/2023\/11\/DSC06251-Wittmann-Martin-high-150x150.jpg 150w, https:\/\/www.md-elektronik.com\/wp-content\/uploads\/2023\/11\/DSC06251-Wittmann-Martin-high-768x768.jpg 768w\" sizes=\"(max-width: 800px) 100vw, 800px\" \/>\t\t\t\t\t\t\n\t\t\t\t\t<\/div>\n\t\t\t\t\t\t\t\t\n<style>\n#image_236671652 {\n  width: 99%;\n}\n<\/style>\n\t<\/div>\n\t\n\n\n\t\t<\/div>\n\t\t\t\t\t<\/div>\n\n\t\n\n\t<div id=\"col-1873017505\" class=\"col medium-9 small-12 large-9\"  >\n\t\t\t\t<div class=\"col-inner\"  >\n\t\t\t\n\t\t\t\n\n<p><span style=\"font-size: 130%;\"><strong>Martin Wittmann<\/strong><\/span><\/p>\r\n<p>Martin Wittmann has been working for MD for over 8 years. After holding positions in the development and technical sales of charging stations for electric cars and initially as a Development Engineer at MD, he now works as a Senior Application Engineer in the International Sales Department.\r\nHe particularly enjoys the intensive dialogue with international customers and MD internally, as well as the large number of OEM-specific requirements.\r\n<\/p>\n\n\t\t<\/div>\n\t\t\t\t\t<\/div>\n\n\t\n\n\n<style>\n#row-971283413 > .col > .col-inner {\n  padding: 0 0px 0px 0px;\n}\n<\/style>\n<\/div>\n\n<\/div><\/div><\/div>\n","protected":false},"excerpt":{"rendered":"<p>\u25baRostouc\u00ed po\u010det \u25baVy\u0161\u0161\u00ed n\u00e1roky na kvalitu \u25baMiniaturizace \u25baAutomatizace \u25baInova\u010dn\u00ed tlak<\/p>\n","protected":false},"author":32,"featured_media":26510,"comment_status":"closed","ping_status":"closed","sticky":false,"template":"","format":"standard","meta":{"footnotes":""},"categories":[94],"tags":[],"class_list":["post-19203","post","type-post","status-publish","format-standard","has-post-thumbnail","hentry","category-news-cs"],"_links":{"self":[{"href":"https:\/\/www.md-elektronik.com\/cs\/wp-json\/wp\/v2\/posts\/19203","targetHints":{"allow":["GET"]}}],"collection":[{"href":"https:\/\/www.md-elektronik.com\/cs\/wp-json\/wp\/v2\/posts"}],"about":[{"href":"https:\/\/www.md-elektronik.com\/cs\/wp-json\/wp\/v2\/types\/post"}],"author":[{"embeddable":true,"href":"https:\/\/www.md-elektronik.com\/cs\/wp-json\/wp\/v2\/users\/32"}],"replies":[{"embeddable":true,"href":"https:\/\/www.md-elektronik.com\/cs\/wp-json\/wp\/v2\/comments?post=19203"}],"version-history":[{"count":4,"href":"https:\/\/www.md-elektronik.com\/cs\/wp-json\/wp\/v2\/posts\/19203\/revisions"}],"predecessor-version":[{"id":19219,"href":"https:\/\/www.md-elektronik.com\/cs\/wp-json\/wp\/v2\/posts\/19203\/revisions\/19219"}],"wp:featuredmedia":[{"embeddable":true,"href":"https:\/\/www.md-elektronik.com\/cs\/wp-json\/wp\/v2\/media\/26510"}],"wp:attachment":[{"href":"https:\/\/www.md-elektronik.com\/cs\/wp-json\/wp\/v2\/media?parent=19203"}],"wp:term":[{"taxonomy":"category","embeddable":true,"href":"https:\/\/www.md-elektronik.com\/cs\/wp-json\/wp\/v2\/categories?post=19203"},{"taxonomy":"post_tag","embeddable":true,"href":"https:\/\/www.md-elektronik.com\/cs\/wp-json\/wp\/v2\/tags?post=19203"}],"curies":[{"name":"wp","href":"https:\/\/api.w.org\/{rel}","templated":true}]}}