{"id":31502,"date":"2026-02-16T15:24:46","date_gmt":"2026-02-16T14:24:46","guid":{"rendered":"https:\/\/www.md-elektronik.com\/?p=31502"},"modified":"2026-02-16T15:51:14","modified_gmt":"2026-02-16T14:51:14","slug":"fakra","status":"publish","type":"post","link":"https:\/\/www.md-elektronik.com\/cs\/fakra\/","title":{"rendered":"FAKRA"},"content":{"rendered":"\n<h2><strong>Co je to konektor FAKRA?<\/strong><\/h2>\n<p>FAKRA (Fachkreis Automobil) je standardizovan\u00fd typ koaxi\u00e1ln\u00edho konektoru pou\u017e\u00edvan\u00fd p\u0159edev\u0161\u00edm v automobilov\u00e9m pr\u016fmyslu. Tyto konektory, zalo\u017een\u00e9 na technologii SMB (SubMiniature version B), jsou ur\u010deny pro vysokofrekven\u010dn\u00ed aplikace do 6 GHz a vyzna\u010duj\u00ed se spolehlivost\u00ed a robustnost\u00ed.<\/p>\n<h2><strong>K \u010demu se pou\u017e\u00edvaj\u00ed konektory FAKRA?<\/strong><\/h2>\n<p>Slou\u017e\u00ed k p\u0159enosu vysokofrekven\u010dn\u00edch sign\u00e1l\u016f ve vozidlech. Typick\u00fdmi aplikacemi jsou GPS syst\u00e9my, ant\u00e9ny, satelitn\u00ed r\u00e1dia a kamery. Konektory FAKRA zaji\u0161\u0165uj\u00ed ve vozidlech stabiln\u00ed a bezpe\u010dn\u00e9 p\u0159ipojen\u00ed i v extr\u00e9mn\u00edch podm\u00ednk\u00e1ch.<\/p>\n<h2><strong>Jak\u00e9 konektory FAKRA existuj\u00ed?<\/strong><\/h2>\n<p>Dodavatel\u016f konektorov\u00fdch komponent\u016f FAKRA je v\u00edce. Mezi velk\u00e9 hr\u00e1\u010de pat\u0159\u00ed firmy Rosenberger, TE, Apitv nebo Amphenol, ale na trhu se prosadily i men\u0161\u00ed spole\u010dnosti, jako je RoKA. Konektory se vyr\u00e1b\u011bj\u00ed v r\u016fzn\u00fdch variant\u00e1ch, nap\u0159\u00edklad s v\u00fdvody 180\u00b0 a 90\u00b0 nebo v ut\u011bsn\u011bn\u00e9m proveden\u00ed.<\/p>\n<h2><strong>Jak jsou konektory FAKRA po sv\u011bt\u011b roz\u0161\u00ed\u0159eny?<\/strong><\/h2>\n<p>Konektory FAKRA se staly standardem v automobilov\u00e9m pr\u016fmyslu v Evrop\u011b, Severn\u00ed a Ji\u017en\u00ed Americe a Koreji. Toto standardizovan\u00e9 rozhran\u00ed je doporu\u010dov\u00e1no zejm\u00e9na pro glob\u00e1ln\u00ed platformy. Rozhran\u00ed FAKRA pro vysokofrekven\u010dn\u00ed p\u0159enos se prosadilo i v \u010c\u00edn\u011b. Prvn\u00edm krokem byl dovoz z\u00e1padn\u00edch automobilov\u00fdch technologi\u00ed, p\u0159edev\u0161\u00edm prost\u0159ednictv\u00edm spole\u010dn\u00fdch podnik\u016f mezin\u00e1rodn\u00edch v\u00fdrobc\u016f OEM, jako jsou VW, General Motors, BMW, Daimler atd., a \u010d\u00ednsk\u00fdch partner\u016f, jako jsou BAIC a SAIC. N\u00e1sledn\u011b vyu\u017eili FAKRA jako rozhran\u00ed tak\u00e9 st\u00e1vaj\u00edc\u00ed \u010d\u00edn\u0161t\u00ed v\u00fdrobci OEM, jako jsou Dongfeng nebo FAW, a za\u010d\u00ednaj\u00edc\u00ed podniky, jako jsou NIO, BYD nebo LI Auto.\u00a0 V Japonsku se naopak konektory FAKRA p\u0159\u00edli\u0161 nepou\u017e\u00edvaj\u00ed. \u010casto zde p\u0159evl\u00e1daj\u00ed jin\u00e9 standardy, kter\u00e9 spl\u0148uj\u00ed m\u00edstn\u00ed po\u017eadavky a specifikace.<\/p>\n<h2><strong>Co znamen\u00e1 barevn\u00e9 k\u00f3dov\u00e1n\u00ed FAKRA?<\/strong><\/h2>\n<p>Pro identifikaci r\u016fzn\u00fdch aplikac\u00ed a funkc\u00ed konektor\u016f pou\u017e\u00edvaj\u00ed konektory FAKRA syst\u00e9m barevn\u00e9ho k\u00f3dov\u00e1n\u00ed. Ka\u017ed\u00e1 barva ozna\u010duje ur\u010ditou funkci a je ur\u010dena vzorn\u00edkem RAL, nap\u0159. \u017elut\u00e9 konektory pro p\u0159ipojen\u00ed k s\u00edti Ethernet nebo r\u016f\u017eov\u00e9 konektory pro r\u00e1diov\u00e9 sign\u00e1ly FM. Konektory se li\u0161\u00ed nejen barvou, ale tak\u00e9 geometri\u00ed. Tento syst\u00e9m pom\u00e1h\u00e1 zabr\u00e1nit z\u00e1m\u011bn\u011b a zajistit spr\u00e1vn\u00e9 p\u0159ipojen\u00ed.<\/p>\n<h2><strong>Jak\u00e9 v\u00fdhody nab\u00edzej\u00ed konektory FAKRA?<\/strong><\/h2>\n<p><u>Vysokou kvalitu sign\u00e1lu<\/u>: Minimalizuj\u00ed ztr\u00e1ty a ru\u0161en\u00ed, co\u017e je kl\u00ed\u010dov\u00e9 pro automobilov\u00e9 aplikace.<\/p>\n<p><u>Snadnou instalaci:<\/u> Mont\u00e1\u017e a demont\u00e1\u017e lze prov\u00e9st bez speci\u00e1ln\u00edho n\u00e1\u0159ad\u00ed d\u00edky rychloup\u00ednac\u00edmu mechanismu.<\/p>\n<p><u>Robustnost:<\/u> Odol\u00e1vaj\u00ed extr\u00e9mn\u00edm teplot\u00e1m, vlhkosti i vibrac\u00edm, co\u017e je ide\u00e1ln\u00ed pro n\u00e1ro\u010dn\u00e9 podm\u00ednky.<\/p>\n<p><u>\u00daspornost:<\/u> V porovn\u00e1n\u00ed s jin\u00fdmi automobilov\u00fdmi konektory pat\u0159\u00ed mezi cenov\u011b dostupn\u011bj\u0161\u00ed varianty..<\/p>\n<h2><strong>Jak\u00e9 normy spl\u0148uj\u00ed konektory FAKRA?<\/strong><\/h2>\n<p>Konektory FAKRA jsou standardizov\u00e1ny podle norem DIN 72594-1, USCAR a ISO 20860. Tyto normy zaji\u0161\u0165uj\u00ed, \u017ee konektory spl\u0148uj\u00ed vysok\u00e9 po\u017eadavky automobilov\u00e9ho pr\u016fmyslu z hlediska elektrick\u00fdch a mechanick\u00fdch vlastnost\u00ed. Tato standardizace zaji\u0161\u0165uje celosv\u011btovou zam\u011bnitelnost a kompatibilitu konektor\u016f, co\u017e usnad\u0148uje integraci do st\u00e1vaj\u00edc\u00edch palubn\u00edch s\u00edt\u00ed.<\/p>\n<h2><strong>Jak\u00e9 v\u00fdvoje existuj\u00ed u konektor\u016f FAKRA?<\/strong><\/h2>\n<p>Konektory FAKRA pro\u0161ly n\u011bkolika generacemi vylep\u0161en\u00ed. Nejnov\u011bj\u0161\u00ed <strong>generace 4.0<\/strong> p\u0159in\u00e1\u0161\u00ed vy\u0161\u0161\u00ed \u00farove\u0148 automatizace v\u00fdroby, lep\u0161\u00ed <a href=\"https:\/\/www.md-elektronik.com\/cs\/stineni\/\">st\u00edn\u011bn\u00ed<\/a> a optimalizovan\u00e9 dr\u00e1hy sign\u00e1lu, co\u017e je zvl\u00e1\u0161t\u011b d\u016fle\u017eit\u00e9 pro autonomn\u00ed vozidla. D\u00edky spolehlivosti, standardizovan\u00e9mu designu a snadn\u00e9mu pou\u017eit\u00ed se FAKRA konektory staly nepostradatelnou sou\u010d\u00e1st\u00ed automobilov\u00e9ho pr\u016fmyslu.<\/p>\n<div class=\"message-box relative\" style=\"padding-top:30px;padding-bottom:30px;\"><div class=\"message-box-bg-image bg-fill fill\" ><\/div><div class=\"message-box-bg-overlay bg-fill fill\" style=\"background-color:rgb(245, 245, 247);\"><\/div><div class=\"container relative\"><div class=\"inner last-reset\">\r\n\r\n<div class=\"row align-equal align-center\"  id=\"row-1374219168\">\r\n\r\n\n\t<div id=\"col-1365067388\" class=\"col medium-3 small-12 large-3\"  >\n\t\t\t\t<div class=\"col-inner\"  >\n\t\t\t\n\t\t\t\r\n\r\n\t<div id=\"gap-220898638\" class=\"gap-element clearfix\" style=\"display:block; height:auto;\">\n\t\t\n<style>\n#gap-220898638 {\n  padding-top: 10px;\n}\n<\/style>\n\t<\/div>\n\t\r\n\r\n\t<div class=\"img has-hover img-rounded x md-x lg-x y md-y lg-y\" id=\"image_1929677034\">\n\t\t\t\t\t\t\t\t<div class=\"img-inner dark\" >\n\t\t\t<img decoding=\"async\" width=\"800\" height=\"800\" src=\"https:\/\/www.md-elektronik.com\/wp-content\/uploads\/2024\/04\/Pichlmeier-Martin.jpg\" class=\"attachment-original size-original\" alt=\"\" srcset=\"https:\/\/www.md-elektronik.com\/wp-content\/uploads\/2024\/04\/Pichlmeier-Martin.jpg 800w, https:\/\/www.md-elektronik.com\/wp-content\/uploads\/2024\/04\/Pichlmeier-Martin-300x300.jpg 300w, https:\/\/www.md-elektronik.com\/wp-content\/uploads\/2024\/04\/Pichlmeier-Martin-150x150.jpg 150w, https:\/\/www.md-elektronik.com\/wp-content\/uploads\/2024\/04\/Pichlmeier-Martin-768x768.jpg 768w\" sizes=\"(max-width: 800px) 100vw, 800px\" \/>\t\t\t\t\t\t\n\t\t\t\t\t<\/div>\n\t\t\t\t\t\t\t\t\n<style>\n#image_1929677034 {\n  width: 99%;\n}\n<\/style>\n\t<\/div>\n\t\r\n\r\n\r\n\t\t<\/div>\n\t\t\t\t\t<\/div>\n\n\t\r\n\n\t<div id=\"col-1048521552\" class=\"col medium-9 small-12 large-9\"  >\n\t\t\t\t<div class=\"col-inner\"  >\n\t\t\t\n\t\t\t\r\n\r\n<p><span style=\"font-size: 130%;\"><strong>Martin Pichlmeier<\/strong><\/span><\/p>\r\n<p>Martin Pichlmeier je vedouc\u00edm odd\u011blen\u00ed Technical Product Management. Jeho \u00fakolem je rozv\u00edjet spole\u010dnost MD jako dodavatele a partnera pro v\u00fdvoj konektorov\u00fdch komponent\u016f v automobilov\u00e9m pr\u016fmyslu. Se sv\u00fdmi v\u00edce ne\u017e 14let\u00fdmi zku\u0161enostmi v odv\u011btv\u00ed v\u00fdroby kabel\u016f a v\u00fdvoje komponent je ve sv\u00e9m oboru skute\u010dn\u00fdm odborn\u00edkem. Po n\u00e1stupu do odd\u011blen\u00ed v\u00fdroby kabel\u016f se mu jako vedouc\u00edmu v\u00fdvoje poda\u0159ilo vybudovat a v\u00e9st odd\u011blen\u00ed v\u00fdvoje proces\u016f. Ve sv\u00e9 pr\u00e1ci si nejv\u00edce cen\u00ed p\u0159\u00edm\u00e9 komunikace se z\u00e1kazn\u00edky po cel\u00e9m sv\u011bt\u011b, v\u00fdvoje nov\u00fdch technick\u00fdch \u0159e\u0161en\u00ed a uv\u00e1d\u011bn\u00ed produkt\u016f na trh.\r\n \r\n<\/p>\r\n\r\n\t\t<\/div>\n\t\t\t\t\t<\/div>\n\n\t\r\n\r\n\n<style>\n#row-1374219168 > .col > .col-inner {\n  padding: 0 0px 0px 0px;\n}\n<\/style>\n<\/div>\r\n\r\n<\/div><\/div><\/div>\n\n\n","protected":false},"excerpt":{"rendered":"","protected":false},"author":42,"featured_media":0,"comment_status":"closed","ping_status":"closed","sticky":false,"template":"","format":"standard","meta":{"footnotes":""},"categories":[102],"tags":[],"class_list":["post-31502","post","type-post","status-publish","format-standard","hentry","category-glosar"],"_links":{"self":[{"href":"https:\/\/www.md-elektronik.com\/cs\/wp-json\/wp\/v2\/posts\/31502","targetHints":{"allow":["GET"]}}],"collection":[{"href":"https:\/\/www.md-elektronik.com\/cs\/wp-json\/wp\/v2\/posts"}],"about":[{"href":"https:\/\/www.md-elektronik.com\/cs\/wp-json\/wp\/v2\/types\/post"}],"author":[{"embeddable":true,"href":"https:\/\/www.md-elektronik.com\/cs\/wp-json\/wp\/v2\/users\/42"}],"replies":[{"embeddable":true,"href":"https:\/\/www.md-elektronik.com\/cs\/wp-json\/wp\/v2\/comments?post=31502"}],"version-history":[{"count":2,"href":"https:\/\/www.md-elektronik.com\/cs\/wp-json\/wp\/v2\/posts\/31502\/revisions"}],"predecessor-version":[{"id":31504,"href":"https:\/\/www.md-elektronik.com\/cs\/wp-json\/wp\/v2\/posts\/31502\/revisions\/31504"}],"wp:attachment":[{"href":"https:\/\/www.md-elektronik.com\/cs\/wp-json\/wp\/v2\/media?parent=31502"}],"wp:term":[{"taxonomy":"category","embeddable":true,"href":"https:\/\/www.md-elektronik.com\/cs\/wp-json\/wp\/v2\/categories?post=31502"},{"taxonomy":"post_tag","embeddable":true,"href":"https:\/\/www.md-elektronik.com\/cs\/wp-json\/wp\/v2\/tags?post=31502"}],"curies":[{"name":"wp","href":"https:\/\/api.w.org\/{rel}","templated":true}]}}