{"id":28505,"date":"2025-06-12T08:35:49","date_gmt":"2025-06-12T06:35:49","guid":{"rendered":"https:\/\/www.md-elektronik.com\/?p=28505"},"modified":"2025-09-04T12:05:03","modified_gmt":"2025-09-04T10:05:03","slug":"konnektivitaet-und-urbane-mobilitaet-was-praegt-den-franzoesischen-automobilmarkt","status":"publish","type":"post","link":"https:\/\/www.md-elektronik.com\/de\/konnektivitaet-und-urbane-mobilitaet-was-praegt-den-franzoesischen-automobilmarkt\/","title":{"rendered":"Konnektivit\u00e4t und urbane Mobilit\u00e4t: Was pr\u00e4gt den franz\u00f6sischen Automobilmarkt?"},"content":{"rendered":"\n\t<div id=\"gap-1228020355\" class=\"gap-element clearfix\" style=\"display:block; height:auto;\">\n\t\t\n<style>\n#gap-1228020355 {\n  padding-top: 30px;\n}\n<\/style>\n\t<\/div>\n\t\n\n<div class=\"row\"  id=\"row-504970893\">\n\n\n\t<div id=\"col-1619351873\" class=\"col medium-6 small-12 large-6\"  >\n\t\t\t\t<div class=\"col-inner\"  >\n\t\t\t\n\t\t\t\n\n<h2>Tech Talk ist eine Interview-Reihe, die Ihnen einige inspirierende Pers\u00f6nlichkeiten innerhalb und au\u00dferhalb von MD ELEKTRONIK, der Welt der Technologie, Innovation und dar\u00fcber hinaus vorstellt. In dieser Ausgabe haben wir Sladjan Ivanovic getroffen. Er betreut bei MD die Kunden in Frankreich, und wir haben mit ihm \u00fcber seine Arbeit gesprochen und dar\u00fcber, wie sich die franz\u00f6sische Automobilindustrie weiterentwickelt.<\/h2>\n\n\t\t<\/div>\n\t\t\t\t\t<\/div>\n\n\t\n\n\t<div id=\"col-520146225\" class=\"col medium-6 small-12 large-6 small-col-first\"  >\n\t\t\t\t<div class=\"col-inner\"  >\n\t\t\t\n\t\t\t\n\n\t<div class=\"img has-hover x md-x lg-x y md-y lg-y\" id=\"image_1277221922\">\n\t\t\t\t\t\t\t\t<div class=\"img-inner dark\" >\n\t\t\t<img decoding=\"async\" width=\"800\" height=\"800\" src=\"https:\/\/www.md-elektronik.com\/wp-content\/uploads\/2025\/06\/DSC00155-Ivanovic-Sladjan-high.jpg\" class=\"attachment-large size-large\" alt=\"\" srcset=\"https:\/\/www.md-elektronik.com\/wp-content\/uploads\/2025\/06\/DSC00155-Ivanovic-Sladjan-high.jpg 800w, https:\/\/www.md-elektronik.com\/wp-content\/uploads\/2025\/06\/DSC00155-Ivanovic-Sladjan-high-300x300.jpg 300w, https:\/\/www.md-elektronik.com\/wp-content\/uploads\/2025\/06\/DSC00155-Ivanovic-Sladjan-high-150x150.jpg 150w, https:\/\/www.md-elektronik.com\/wp-content\/uploads\/2025\/06\/DSC00155-Ivanovic-Sladjan-high-768x768.jpg 768w\" sizes=\"(max-width: 800px) 100vw, 800px\" \/>\t\t\t\t\t\t\n\t\t\t\t\t<\/div>\n\t\t\t\t\t\t\t\t\n<style>\n#image_1277221922 {\n  width: 100%;\n}\n@media (min-width:550px) {\n  #image_1277221922 {\n    width: 100%;\n  }\n}\n<\/style>\n\t<\/div>\n\t\n\n\n\t\t<\/div>\n\t\t\t\t\t<\/div>\n\n\t\n\n<\/div>\n<p><strong>Frankreich war ein Pionier der Autoindustrie und bis zum Jahr 2000 der drittgr\u00f6\u00dfte Automobilproduzent Europas (nach Deutschland und Spanien). Seitdem ging es die Fahrzeugproduktion in Frankreich zur\u00fcck. Die franz\u00f6sische Automobilindustrie muss sich weiterentwickeln und an neu entstehende Technologien und Marktanforderungen anpassen. <\/strong><strong>Die Regierung in Paris hat vorausschauende Initiativen zur Wiederbelebung des Sektors implementiert, die den Schwerpunkt auf den \u00dcbergang zu Elektrofahrzeugen legen und ehrgeizige Ziele setzen, um bis zum Jahr 2030 zwei Millionen Elektroautos zu produzieren.<\/strong><\/p>\n<p><strong>Bonjour Sladjan, bitte erz\u00e4hle uns ein wenig \u00fcber dich. Wie sah dein bisheriger Werdegang aus und was brachte dich zu MD?<\/strong><strong style=\"font-size: 14.4px;\">\u00a0<\/strong><\/p>\n<p>Ich bin verheiratet und habe zwei T\u00f6chter. Geboren wurde ich in Jugoslawien (Serbien) an der Grenze zu Rum\u00e4nien. Ich lebe seit \u00fcber 40 Jahren im Gro\u00dfraum Paris. Ich bin Diplomingenieur und spreche vier Sprachen. Ich habe 30 Jahre Erfahrung in der Automobilindustrie, 26 davon im Bereich Steckverbinder und Kabelb\u00e4ume.<\/p>\n<p>Ehrlich gesagt wusste ich nicht viel \u00fcber MD ELEKTRONIK, als mich 2022 der Headhunter kontaktierte. Aber heute bin ich von den Produkten von MD und der Art und Weise, wie wir den Markt mit L\u00f6sungen der Spitzentechnologie bedienen, sehr beeindruckt. Als \u201eManager French Customers\u201c nutze ich meine Kontakte und meine Erfahrung, um alle unsere Kunden zu unterst\u00fctzen und den Marktanteil in Frankreich zu steigern.\u00a0<\/p>\n<p><strong>Was sind deiner Erfahrung nach die spezifischen Eigenschaften des franz\u00f6sischen Automobilmarkts im Hinblick auf technologische Anforderungen und Kundenbed\u00fcrfnisse im Vergleich zu anderen M\u00e4rkten?<\/strong><\/p>\n<p>Der franz\u00f6sische Automobilmarkt weist eine starke Fokussierung auf die st\u00e4dtische Nutzung auf, wobei die Fahrzeuge oft im dichten Stadtverkehr f\u00fcr kurze und h\u00e4ufige Fahrten verwendet werden. Daraus ergibt sich eine Nachfrage nach kompakten Modellen, die sehr wendig sind und \u00fcber intelligente Funktionen verf\u00fcgen. Fahrassistenzsysteme, automatische Parkassistenten und Konnektivit\u00e4tsl\u00f6sungen geh\u00f6ren zunehmend zur Standardausstattung, um in st\u00e4dtischen Gebieten Komfort und Sicherheit zu gew\u00e4hrleisten. Zuk\u00fcnftige Funktionen f\u00fcr das autonome Fahren werden ebenfalls haupts\u00e4chlich mit Blick auf st\u00e4dtische Regionen entwickelt. Dies f\u00fchrt dazu, dass Komfort und Reichweite \u00fcber lange Strecken weniger wichtig sind als dies in den USA und Deutschland der Fall ist.<\/p>\n<p><strong>Welche Rolle nimmt Frankreich im Kontext zunehmender Fahrzeug-Konnektivit\u00e4t ein \u2013 und was bedeutet das f\u00fcr Daten\u00fcbertragungsl\u00f6sungen?<\/strong><\/p>\n<p>Frankreich ist bei der F\u00f6rderung der Fahrzeug-Konnektivit\u00e4t ganz vorne mit dabei, unterst\u00fctzt durch Regierungsinitiativen und eine enge Zusammenarbeit zwischen Beh\u00f6rden, Automobilherstellern, Technologieunternehmen und wissenschaftlichen Einrichtungen. Ein bemerkenswertes Beispiel ist das Projekt French Co-Drive, das das System GLOSA (Green Light Optimal Speed Advisory \u2013 Ampelphasenassistent) entwickelt hat. Mithilfe dieses Systems k\u00f6nnen Fahrzeuge mit Ampeln kommunizieren, um die optimale Geschwindigkeit f\u00fcr eine \u201eGr\u00fcne Welle\u201c zu bestimmen. Die wachsende Nachfrage nach Konnektivit\u00e4t verst\u00e4rkt den Bedarf an leistungsf\u00e4higen, zuverl\u00e4ssigen Daten\u00fcbertragungsl\u00f6sungen. In kompakten Fahrzeugen sind die Herausforderungen sogar noch gr\u00f6\u00dfer: L\u00f6sungen m\u00fcssen nicht nur technische Anforderungen erf\u00fcllen, sondern auch f\u00fcr den begrenzten Bauraum ausgelegt sein.<\/p>\n<p><strong>Wie reagiert der franz\u00f6sische Markt auf die wachsende Nachfrage nach robusten und nachhaltigen Lieferketten?<\/strong><\/p>\n<p>Der franz\u00f6sische Automobilsektor legt gro\u00dfen Wert auf den Aufbau nachhaltiger und robuster Lieferketten. Die Unternehmen setzen vermehrt auf lokale Beschaffung \u2013 nicht nur, um die Versorgungssicherheit zu gew\u00e4hrleisten, sondern auch um Z\u00f6lle zu vermeiden und CO\u2082-Emissionen durch k\u00fcrzere Transportwege zu reduzieren. Ein konkretes Beispiel ist die Entwicklung einer Lieferkette im Umfeld der Gigafactory im franz\u00f6sischen Douvrin. Diese Batteriefabrik wird von der Automotive Cells Company (ACC) betrieben, einem Joint Venture von Stellantis, TotalEnergies und Mercedes-Benz. Sie soll die Produktion von Batteriezellen f\u00fcr Elektrofahrzeuge in Europa zentralisieren. Dar\u00fcber hinaus investiert Stellantis zusammen mit dem chinesischen Batteriehersteller CATL 4,1 Milliarden Euro in den Bau einer Gro\u00dfserien-Batteriefabrik im spanischen Saragossa. Diese Projekte zeigen, welche Anstrengungen die Branche unternimmt, um Lieferketten zu regionalisieren, die Nachhaltigkeit zu verbessern und die Wettbewerbsf\u00e4higkeit des europ\u00e4ischen Automobilsektors zu verbessern.<\/p>\n<p><strong>Wo siehst du die St\u00e4rken von MD im Hinblick auf die Erf\u00fcllung der spezifischen Bed\u00fcrfnisse franz\u00f6sischer Kunden?<\/strong><\/p>\n<p>MD ist ein zuverl\u00e4ssiger Technologiepartner f\u00fcr hochwertige Daten\u00fcbertragungsl\u00f6sungen. Unsere Kunden profitieren insbesondere von unserem robusten europ\u00e4ischen Produktionsnetzwerk, das kurze Durchlaufzeiten, hohe Liefertreue und eine maximale Versorgungssicherheit erm\u00f6glicht. Die von uns entwickelten und hergestellten Produktionsanlagen erm\u00f6glichen es uns, schnell und pr\u00e4zise auf jede noch so individuelle Kundenanforderung zu reagieren \u2013 ein wichtiger Vorteil bei der komplexen Spezifikationen. Dar\u00fcber hinaus entwickeln und produzieren wir unsere eigenen Steckverbinder, was uns nicht nur technologische Unabh\u00e4ngigkeit gibt, sondern auch unseren Kunden verschiedene Optionen zur Stabilisierung ihrer Lieferketten bietet. Unsere Vertriebspr\u00e4senz vor Ort macht uns in Verbindung mit unserer weltweiten Fertigungskompetenz, eigenen Pr\u00fcflabors und einem hohen Grad an vertikaler Integration zum idealen Partner f\u00fcr die aktuellen Herausforderungen im Automobilbereich.<\/p>\n\t<div id=\"gap-988481632\" class=\"gap-element clearfix\" style=\"display:block; height:auto;\">\n\t\t\n<style>\n#gap-988481632 {\n  padding-top: 20px;\n}\n<\/style>\n\t<\/div>\n\t\n\n<div class=\"row\"  id=\"row-210323333\">\n\n\n\t<div id=\"col-1928749373\" class=\"col small-12 large-12\"  >\n\t\t\t\t<div class=\"col-inner\"  >\n\t\t\t\n\t\t\t\n\n<div class=\"message-box relative\" style=\"padding-top:15px;padding-bottom:15px;\"><div class=\"message-box-bg-image bg-fill fill\" ><\/div><div class=\"message-box-bg-overlay bg-fill fill\" style=\"background-color:rgb(245, 245, 247);\"><\/div><div class=\"container relative\"><div class=\"inner last-reset\">\n\n\t<div id=\"gap-685694410\" class=\"gap-element clearfix\" style=\"display:block; height:auto;\">\n\t\t\n<style>\n#gap-685694410 {\n  padding-top: 20px;\n}\n<\/style>\n\t<\/div>\n\t\n\n<p>Extrem leistungsf\u00e4hige und au\u00dferordentlich zuverl\u00e4ssige Datenverbindungen sind das R\u00fcckgrat der Mobilit\u00e4t von morgen. MD ELEKTRONIK nimmt bei diesen Technologien einen Spitzenplatz ein und treibt die Entwicklung mit einem internationalen Netzwerk von Experten weiter voran. Kontaktieren Sie uns jetzt und erfahren Sie mehr \u00fcber die neuesten Innovationen!<\/p>\n\t<div id=\"gap-308939100\" class=\"gap-element clearfix\" style=\"display:block; height:auto;\">\n\t\t\n<style>\n#gap-308939100 {\n  padding-top: 20px;\n}\n<\/style>\n\t<\/div>\n\t\n\n<a href=\"https:\/\/www.md-elektronik.com\/de\/kontakt\/\" class=\"button primary is-outline is-small\"  >\n\t\t<span>Kontaktieren Sie uns jetzt!<\/span>\n\t<i class=\"icon-angle-right\" aria-hidden=\"true\" ><\/i><\/a>\n\n\n\t<div id=\"gap-432872082\" class=\"gap-element clearfix\" style=\"display:block; height:auto;\">\n\t\t\n<style>\n#gap-432872082 {\n  padding-top: 20px;\n}\n<\/style>\n\t<\/div>\n\t\n\n\n<\/div><\/div><\/div>\n\n\t\t<\/div>\n\t\t\t\t\t<\/div>\n\n\t\n\n<\/div>\n<div class=\"message-box relative\" style=\"padding-top:30px;padding-bottom:30px;\"><div class=\"message-box-bg-image bg-fill fill\" ><\/div><div class=\"message-box-bg-overlay bg-fill fill\" style=\"background-color:rgb(245, 245, 247);\"><\/div><div class=\"container relative\"><div class=\"inner last-reset\">\n\n<div class=\"row align-equal align-center\"  id=\"row-1411197645\">\n\n\n\t<div id=\"col-1263497214\" class=\"col medium-3 small-12 large-3\"  >\n\t\t\t\t<div class=\"col-inner\"  >\n\t\t\t\n\t\t\t\n\n\t<div id=\"gap-1349231475\" class=\"gap-element clearfix\" style=\"display:block; height:auto;\">\n\t\t\n<style>\n#gap-1349231475 {\n  padding-top: 10px;\n}\n<\/style>\n\t<\/div>\n\t\n\n\t<div class=\"img has-hover x md-x lg-x y md-y lg-y\" id=\"image_1073923215\">\n\t\t\t\t\t\t\t\t<div class=\"img-inner dark\" >\n\t\t\t<img decoding=\"async\" width=\"800\" height=\"800\" src=\"https:\/\/www.md-elektronik.com\/wp-content\/uploads\/2025\/06\/DSC00155-Ivanovic-Sladjan-high.jpg\" class=\"attachment-large size-large\" alt=\"\" srcset=\"https:\/\/www.md-elektronik.com\/wp-content\/uploads\/2025\/06\/DSC00155-Ivanovic-Sladjan-high.jpg 800w, https:\/\/www.md-elektronik.com\/wp-content\/uploads\/2025\/06\/DSC00155-Ivanovic-Sladjan-high-300x300.jpg 300w, https:\/\/www.md-elektronik.com\/wp-content\/uploads\/2025\/06\/DSC00155-Ivanovic-Sladjan-high-150x150.jpg 150w, https:\/\/www.md-elektronik.com\/wp-content\/uploads\/2025\/06\/DSC00155-Ivanovic-Sladjan-high-768x768.jpg 768w\" sizes=\"(max-width: 800px) 100vw, 800px\" \/>\t\t\t\t\t\t\n\t\t\t\t\t<\/div>\n\t\t\t\t\t\t\t\t\n<style>\n#image_1073923215 {\n  width: 99%;\n}\n<\/style>\n\t<\/div>\n\t\n\n\n\t\t<\/div>\n\t\t\t\t\t<\/div>\n\n\t\n\n\t<div id=\"col-2012627526\" class=\"col medium-9 small-12 large-9\"  >\n\t\t\t\t<div class=\"col-inner\"  >\n\t\t\t\n\t\t\t\n\n<p><span style=\"font-size: 130%;\"><strong>Sladjan Ivanovic<\/strong><\/span><\/p>\n<p>Sladjan ist ein erfahrener Fachmann im Bereich Vertriebs- und Projektmanagement mit \u00fcber 30 Jahren Berufserfahrung in der Automobilindustrie. Er hat ein umfangreiches Netzwerk mit Kontakten sowohl zu OEMs als auch Tier-1-Kunden aufgebaut und weltweit die Gesch\u00e4ftsentwicklung und das Profitabilit\u00e4tswachstum unmittelbar unterst\u00fctzt. Als Diplomingenieur, der flie\u00dfend vier Sprachen spricht, verf\u00fcgt Sladjan \u00fcber ein tiefes Verst\u00e4ndnis des internationalen Managements und dank seines multikulturellen Hintergrunds kann er problemlos und respektvoll mit Kunden und Lieferanten auf der ganzen Welt interagieren.<\/p>\n<p>Sladjan arbeitet hart daf\u00fcr, den Marktanteil von MD in Frankreich zu steigern, getreu seinem Motto: Gehe immer voran, gib niemals auf.<\/p>\n\n\t\t<\/div>\n\t\t\t\t\t<\/div>\n\n\t\n\n\n<style>\n#row-1411197645 > .col > .col-inner {\n  padding: 0 0px 0px 0px;\n}\n<\/style>\n<\/div>\n\n<\/div><\/div><\/div>\n\n\t<div id=\"gap-861016718\" class=\"gap-element clearfix\" style=\"display:block; height:auto;\">\n\t\t\n<style>\n#gap-861016718 {\n  padding-top: 30px;\n}\n<\/style>\n\t<\/div>\n\t\n\n\n","protected":false},"excerpt":{"rendered":"<p>St\u00e4dtische Mobilit\u00e4t \u2794 Vernetzte Fahrzeuge \u2794 Intelligente Technologien \u2794 Lieferketten<\/p>\n","protected":false},"author":58,"featured_media":28484,"comment_status":"closed","ping_status":"closed","sticky":false,"template":"","format":"standard","meta":{"footnotes":""},"categories":[26,118],"tags":[],"class_list":["post-28505","post","type-post","status-publish","format-standard","has-post-thumbnail","hentry","category-news-2","category-techtalk-de"],"_links":{"self":[{"href":"https:\/\/www.md-elektronik.com\/de\/wp-json\/wp\/v2\/posts\/28505","targetHints":{"allow":["GET"]}}],"collection":[{"href":"https:\/\/www.md-elektronik.com\/de\/wp-json\/wp\/v2\/posts"}],"about":[{"href":"https:\/\/www.md-elektronik.com\/de\/wp-json\/wp\/v2\/types\/post"}],"author":[{"embeddable":true,"href":"https:\/\/www.md-elektronik.com\/de\/wp-json\/wp\/v2\/users\/58"}],"replies":[{"embeddable":true,"href":"https:\/\/www.md-elektronik.com\/de\/wp-json\/wp\/v2\/comments?post=28505"}],"version-history":[{"count":4,"href":"https:\/\/www.md-elektronik.com\/de\/wp-json\/wp\/v2\/posts\/28505\/revisions"}],"predecessor-version":[{"id":28517,"href":"https:\/\/www.md-elektronik.com\/de\/wp-json\/wp\/v2\/posts\/28505\/revisions\/28517"}],"wp:featuredmedia":[{"embeddable":true,"href":"https:\/\/www.md-elektronik.com\/de\/wp-json\/wp\/v2\/media\/28484"}],"wp:attachment":[{"href":"https:\/\/www.md-elektronik.com\/de\/wp-json\/wp\/v2\/media?parent=28505"}],"wp:term":[{"taxonomy":"category","embeddable":true,"href":"https:\/\/www.md-elektronik.com\/de\/wp-json\/wp\/v2\/categories?post=28505"},{"taxonomy":"post_tag","embeddable":true,"href":"https:\/\/www.md-elektronik.com\/de\/wp-json\/wp\/v2\/tags?post=28505"}],"curies":[{"name":"wp","href":"https:\/\/api.w.org\/{rel}","templated":true}]}}