{"id":13725,"date":"2023-01-11T08:53:51","date_gmt":"2023-01-11T07:53:51","guid":{"rendered":"https:\/\/www.md-elektronik.com\/?p=13725"},"modified":"2023-07-04T12:55:11","modified_gmt":"2023-07-04T10:55:11","slug":"riesgos-y-consecuencias-del-aumento-actual-de-los-precios-en-la-industria-automovilistica","status":"publish","type":"post","link":"https:\/\/www.md-elektronik.com\/es\/riesgos-y-consecuencias-del-aumento-actual-de-los-precios-en-la-industria-automovilistica\/","title":{"rendered":"Riesgos y consecuencias del aumento actual de los precios en la industria automovil\u00edstica"},"content":{"rendered":"\n<h2>Entrevista con Cartsen Bieng acerca de la situaci\u00f3n actual de la cadena de suministro y los desaf\u00edos en la adquisici\u00f3n.<\/h2>\n\t<div id=\"gap-17344450\" class=\"gap-element clearfix\" style=\"display:block; height:auto;\">\n\t\t\n<style>\n#gap-17344450 {\n  padding-top: 30px;\n}\n<\/style>\n\t<\/div>\n\t\n\n<h3><em>\u00abEl buen funcionamiento de las cadenas de suministro es una gran ventaja competitiva en el entorno actual\u00bb<\/em><\/h3>\n<div class=\"row\"  id=\"row-929908016\">\n\n\n\t<div id=\"col-1362982548\" class=\"col medium-6 small-12 large-6\"  >\n\t\t\t\t<div class=\"col-inner\"  >\n\t\t\t\n\t\t\t\n\n<p>Desde hace a\u00f1os, la situaci\u00f3n geopol\u00edtica se caracteriza por la inestabilidad. El coronavirus, Ucrania, la inflaci\u00f3n y la crisis clim\u00e1tica son solo algunas de una gran cantidad de palabras clave que reflejan la dif\u00edcil situaci\u00f3n econ\u00f3mica y social. Las cadenas de suministro globalizadas de la industria automotriz deben enfrentarse a estos desaf\u00edos.&nbsp;<\/p>\n<p>En el marco de la serie de entrevistas \u00abyourmdexpertise\u00bb, hablamos con expertos de la casa MD ELEKTRONIK acerca de algunos temas clave de la actualidad y del futuro del sector automovil\u00edstico.<\/p>\n<p>En esta edici\u00f3n, hemos entrevistado a Carsten, jefe de compras en MD y hemos conversado con \u00e9l sobre su trabajo en MD, las causas del aumento actual de los precios en la industria automovil\u00edstica y los riesgos y consecuencias que esto supone, adem\u00e1s de la forma en que MD se enfrenta a esta situaci\u00f3n.<\/p>\n\n\t\t<\/div>\n\t\t\t\t\t<\/div>\n\n\t\n\n\t<div id=\"col-1191655222\" class=\"col medium-6 small-12 large-6 small-col-first\"  >\n\t\t\t\t<div class=\"col-inner\"  >\n\t\t\t\n\t\t\t\n\n\t<div class=\"img has-hover x md-x lg-x y md-y lg-y\" id=\"image_236212377\">\n\t\t\t\t\t\t\t\t<div class=\"img-inner dark\" >\n\t\t\t<img decoding=\"async\" width=\"1020\" height=\"1020\" src=\"https:\/\/www.md-elektronik.com\/wp-content\/uploads\/2023\/01\/ND9C4567-Bieng-Carsten-sq-1024x1024.png\" class=\"attachment-large size-large\" alt=\"\" srcset=\"https:\/\/www.md-elektronik.com\/wp-content\/uploads\/2023\/01\/ND9C4567-Bieng-Carsten-sq.png 1024w, https:\/\/www.md-elektronik.com\/wp-content\/uploads\/2023\/01\/ND9C4567-Bieng-Carsten-sq-300x300.png 300w, https:\/\/www.md-elektronik.com\/wp-content\/uploads\/2023\/01\/ND9C4567-Bieng-Carsten-sq-150x150.png 150w, https:\/\/www.md-elektronik.com\/wp-content\/uploads\/2023\/01\/ND9C4567-Bieng-Carsten-sq-768x768.png 768w\" sizes=\"(max-width: 1020px) 100vw, 1020px\" \/>\t\t\t\t\t\t\n\t\t\t\t\t<\/div>\n\t\t\t\t\t\t\t\t\n<style>\n#image_236212377 {\n  width: 100%;\n}\n@media (min-width:550px) {\n  #image_236212377 {\n    width: 100%;\n  }\n}\n<\/style>\n\t<\/div>\n\t\n\n\n\t\t<\/div>\n\t\t\t\t\t<\/div>\n\n\t\n\n<\/div>\n<p><strong>Carsten, cu\u00e9ntanos un poco sobre ti. \u00bfQu\u00e9 es lo que m\u00e1s te gusta de tu trabajo?<\/strong><\/p>\n<p>Soy Carsten Bieng, titulado en ingenier\u00eda industrial y responsable de la compra de material para la producci\u00f3n del grupo MD. Trabajo en MD desde hace 12 a\u00f1os, estoy felizmente casado y tengo una hija. Me apasiona mi trabajo en compras y tambi\u00e9n me dedico en cuerpo y alma a mi familia.<\/p>\n<p><strong>Ahora, hablemos sobre tus actividades en el departamento de compras. Me imagino que los \u00faltimos dos a\u00f1os han sido realmente turbulentos. En tu opini\u00f3n, \u00bfcu\u00e1les son las causas del aumento actual de los precios en la industria automotriz?<\/strong><\/p>\n<p>En determinados momentos, los confinamientos durante la pandemia del coronavirus paralizaron a regiones enteras. Las empresas reaccionaron de distinta forma ante esta situaci\u00f3n: por una parte, los clientes cancelaron los pedidos y por otra, los fabricantes redujeron su capacidad de producci\u00f3n o acudieron a otros proveedores. Esto hizo que, al volver a la normalidad, algunos productos escasearan. La oferta se hab\u00eda reducido. Esta circunstancia, en un mundo econ\u00f3mico globalizado con cadenas de suministro estrechamente sincronizadas entre s\u00ed y una frecuente optimizaci\u00f3n de las existencias en almac\u00e9n, marc\u00f3 el inicio del aumento de los precios.<\/p>\n<p>Los efectos actuales de la inflaci\u00f3n se intensificaron con los paquetes de incentivos que se implantaron durante la pandemia para fomentar la demanda. La alta demanda se uni\u00f3 a una oferta escasa, con lo cual los precios aumentaron. Y esta situaci\u00f3n se ha visto agravada por la llamada crisis energ\u00e9tica en Europa, ocasionada por los acontecimientos geopol\u00edticos de este a\u00f1o. Los problemas originales en la cadena de suministro est\u00e1n mejorando continuamente o ya se han solucionado en parte, pero el aumento de los precios persiste a un nivel elevado, ya que las medidas para combatirlo (como la subida de los tipos de inter\u00e9s de los bancos emisores) tienen un efecto retardado. Hasta que se paralice la inflaci\u00f3n, el aumento del coste del material y la energ\u00eda se traducir\u00e1 en un aumento de los salarios para mantener la capacidad de compra de los consumidores. El a\u00f1o que viene, la subida de los precios seguir\u00e1 en niveles comparablemente altos, ya que actualmente se est\u00e1 generando una inflaci\u00f3n estructural cuyas causas a\u00fan no se han eliminado y que puede persistir durante alg\u00fan tiempo, especialmente debido a la crisis energ\u00e9tica en Europa.<\/p>\n<p><strong>Muchas gracias por este estupendo resumen. \u00bfQu\u00e9 riesgos supone todo esto para la industria del autom\u00f3vil?<\/strong><\/p>\n<p>Los problemas en las cadenas de suministro y la inflaci\u00f3n que se deriv\u00f3 de ellos provoc\u00f3 inseguridad en todas las \u00e1reas de creaci\u00f3n de valor a\u00f1adido, y tambi\u00e9n una gran incertidumbre en el mercado automovil\u00edstico global. El peligro de que fallaran proveedores en grandes zonas e incluso el colapso de las cadenas de suministro parec\u00eda real. Las estrategias de Multiple Source, es decir, la adquisici\u00f3n simult\u00e1nea en varios proveedores, son apreciables en la industria automotriz. En la mayor parte de los casos, solamente existen unos pocos fabricantes de cada pieza y esta situaci\u00f3n se da a lo largo de toda la cadena de valor a\u00f1adido, lo cual representa un gran riesgo en el entorno actual. Y es que en Europa, esto afecta por partida doble, sobre todo a los sectores de proveedores con una alta demanda de energ\u00eda. El elevado coste de los materiales y el coste energ\u00e9tico que, en algunas ocasiones, se paga varias veces afectan muy r\u00e1pidamente a la liquidez de las empresas.<\/p>\n<p>Los fabricantes comprueban la factibilidad de los nuevos desarrollos y tambi\u00e9n la ampliaci\u00f3n o la reorientaci\u00f3n de la capacidad de producci\u00f3n y, en el peor de los casos, no los llevan a cabo. A esto se suma un factor agravante, y es que los proveedores, en la gesti\u00f3n interna de riesgos, pueden correr menos riesgos debido al entorno econ\u00f3mico. Con la entrada de las tropas rusas en Ucrania, de un d\u00eda para otro desapareci\u00f3 una regi\u00f3n de producci\u00f3n muy solicitada para la industria automovil\u00edstica. En solo unas semanas, las empresas tuvieron que trasladar la producci\u00f3n a otros emplazamientos, en la mayor parte de los casos m\u00e1s caros, para no poner en riesgo el suministro. Los costes aumentaron y falta dinero para otras cosas. Adem\u00e1s, la subida del inter\u00e9s cuestiona en parte algunos proyectos, ya que el \u00abreturn on invest\u00bb se ha visto perjudicado. Solo queda observar qu\u00e9 efectos a largo plazo tiene esta situaci\u00f3n en la competitividad de las empresas. Hasta entonces, la estabilidad y el buen funcionamiento de las cadenas de suministro son una gran ventaja competitiva en el entorno actual.<\/p>\n<p><strong>\u00bfQu\u00e9 consecuencias resultar\u00e1n de todo esto?<\/strong><\/p>\n<p>Durante d\u00e9cadas, los precios en la cadena de suministro automovil\u00edstica solo iban en una direcci\u00f3n: \u00abm\u00e1s barato\u00bb. Los centros de producci\u00f3n se establec\u00edan en pa\u00edses cada vez m\u00e1s lejanos para poder estar a la altura de esta presi\u00f3n en el precio. Desde 2021, esta tendencia parece que, al menos, se ha detenido.&nbsp; Los proveedores ya no son capaces de reducir los precios; al contrario: el aumento de los costes debe transferirse a la cadena de valor a\u00f1adido para que permanezca intacta. Tambi\u00e9n es una labor de la sociedad pasar el aumento de los costes, de forma que el sistema econ\u00f3mico se estabilice o se reforme y, finalmente, se mantenga nuestro nivel de bienestar. El requisito para transferir estos costes es la representaci\u00f3n factible de las relaciones entre los productos de MD y el aumento del coste de los materiales, la energ\u00eda, el personal, etc. Las exigencias en cuanto a la transparencia de costes continuar\u00e1n aumentando. Se establecer\u00e1n nuevas cl\u00e1usulas de precio escalonado basadas en \u00edndices para eliminar de la cadena de valor a\u00f1adido el riesgo de fuertes oscilaciones en los mercados de materias primas y para evitar en el futuro situaciones como las que vivimos actualmente. Estos procesos ya se est\u00e1n viviendo desde hace d\u00e9cadas en el caso del cobre para la red de a bordo y, por tanto, ya se encuentran establecidos en el sector.&nbsp; Paralelamente, el aumento del coste del transporte y la log\u00edstica est\u00e1 provocando que las empresas revisen mejor las rutas de suministro. Antes de la pandemia, los costes log\u00edsticos no ten\u00edan una gran relevancia para los resultados de las empresas. Pero esto ha cambiado. \u00abProduce regional\u00bb es el nuevo credo para evitar las rutas de suministro largas y un coste elevado.&nbsp; Por supuesto, este paso supone descartar a los pa\u00edses con salarios bajos, lo cual redunda en un mayor coste de los productos. Para minimizar este efecto, las empresas invertir\u00e1n m\u00e1s en automatizaci\u00f3n.<\/p>\n<p><strong>\u00bfC\u00f3mo estamos actuando en el departamento de compras de MD ante esta situaci\u00f3n?<\/strong><\/p>\n<p>El objetivo primordial es encontrar la mejor soluci\u00f3n desde el punto de vista econ\u00f3mico, pero que tambi\u00e9n sea justa para la cadena de suministro. El fundamento de cualquier di\u00e1logo es la transparencia de costes, de manera que sea posible evaluar la situaci\u00f3n bas\u00e1ndose en una representaci\u00f3n plausible y comprensible. A los proveedores se les exige que contribuyan a reducir los gastos adicionales y que implementen su eficiencia. Somos conscientes de nuestra responsabilidad y, tambi\u00e9n en el futuro, queremos mantener unas relaciones con nuestros proveedores basadas en el buen funcionamiento y la cooperaci\u00f3n.<\/p>\n<p><strong>Carsten, \u00a1muchas gracias por esta charla tan interesante!<\/strong><\/p>\n\t<div id=\"gap-948447489\" class=\"gap-element clearfix\" style=\"display:block; height:auto;\">\n\t\t\n<style>\n#gap-948447489 {\n  padding-top: 20px;\n}\n<\/style>\n\t<\/div>\n\t\n\n<div class=\"row\"  id=\"row-1716088129\">\n\n\n\t<div id=\"col-572352008\" class=\"col small-12 large-12\"  >\n\t\t\t\t<div class=\"col-inner\"  >\n\t\t\t\n\t\t\t\n\n<div class=\"message-box relative\" style=\"padding-top:15px;padding-bottom:15px;\"><div class=\"message-box-bg-image bg-fill fill\" ><\/div><div class=\"message-box-bg-overlay bg-fill fill\" style=\"background-color:rgb(245, 245, 247);\"><\/div><div class=\"container relative\"><div class=\"inner last-reset\">\n\n\t<div id=\"gap-578010647\" class=\"gap-element clearfix\" style=\"display:block; height:auto;\">\n\t\t\n<style>\n#gap-578010647 {\n  padding-top: 20px;\n}\n<\/style>\n\t<\/div>\n\t\n\n<h3>Pensar de forma global y actuar de forma regional para garantizar la fiabilidad<\/h3>\n<p>En estos tiempos de incertidumbre global, la industria automotriz tiene que cambiar en parte su forma de pensar. El aumento de los costes se va a reflejar obligatoriamente a lo largo de todas las cadenas de valor a\u00f1adido. Por lo tanto, los elevados precios de adquisici\u00f3n son un hecho, y es necesario comunicar este aumento de forma transparente, adem\u00e1s de aprovechar de forma consecuente los potenciales de ahorro. Por ejemplo, una mayor automatizaci\u00f3n puede ser una forma de volver a producir m\u00e1s cerca del cliente de manera eficiente, de evitar regiones no seguras y de reducir el gasto log\u00edstico.<\/p>\n<p>P\u00f3ngase en contacto con MD para descubrir m\u00e1s acerca de las cadenas de suministro y la capacidad de suministro de nuestros productos.<\/p>\n\t<div id=\"gap-513043732\" class=\"gap-element clearfix\" style=\"display:block; height:auto;\">\n\t\t\n<style>\n#gap-513043732 {\n  padding-top: 20px;\n}\n<\/style>\n\t<\/div>\n\t\n\n<a href=\"https:\/\/www.md-elektronik.com\/es\/contacto\/\" class=\"button primary is-outline\"  style=\"border-radius:99px;\">\n\t\t<span>Contacto<\/span>\n\t<i class=\"icon-angle-right\" aria-hidden=\"true\" ><\/i><\/a>\n\n\n\t<div id=\"gap-1461394246\" class=\"gap-element clearfix\" style=\"display:block; height:auto;\">\n\t\t\n<style>\n#gap-1461394246 {\n  padding-top: 20px;\n}\n<\/style>\n\t<\/div>\n\t\n\n\n<\/div><\/div><\/div>\n\n\t\t<\/div>\n\t\t\t\t\t<\/div>\n\n\t\n\n<\/div>\n<div class=\"message-box relative table-of-contents-message-box\" style=\"padding-top:30px;padding-bottom:30px;\"><div class=\"message-box-bg-image bg-fill fill\" ><\/div><div class=\"message-box-bg-overlay bg-fill fill\" ><\/div><div class=\"container relative\"><div class=\"inner last-reset\">\n\n<div class=\"row align-center\"  id=\"row-704910372\">\n\n\n\t<div id=\"col-1347560486\" class=\"col medium-5 small-12 large-5\"  >\n\t\t\t\t<div class=\"col-inner\"  >\n\t\t\t\n\t\t\t\n\n<p><span style=\"font-size: 130%;\"><strong>Carsten Bieng<\/strong><\/span><\/p>\n\t<div id=\"gap-692806615\" class=\"gap-element clearfix\" style=\"display:block; height:auto;\">\n\t\t\n<style>\n#gap-692806615 {\n  padding-top: 10px;\n}\n<\/style>\n\t<\/div>\n\t\n\n\t<div class=\"img has-hover x md-x lg-x y md-y lg-y\" id=\"image_889670998\">\n\t\t\t\t\t\t\t\t<div class=\"img-inner dark\" >\n\t\t\t<img decoding=\"async\" width=\"1020\" height=\"1020\" src=\"https:\/\/www.md-elektronik.com\/wp-content\/uploads\/2023\/01\/ND9C4567-Bieng-Carsten-sq-1024x1024.png\" class=\"attachment-large size-large\" alt=\"\" srcset=\"https:\/\/www.md-elektronik.com\/wp-content\/uploads\/2023\/01\/ND9C4567-Bieng-Carsten-sq.png 1024w, https:\/\/www.md-elektronik.com\/wp-content\/uploads\/2023\/01\/ND9C4567-Bieng-Carsten-sq-300x300.png 300w, https:\/\/www.md-elektronik.com\/wp-content\/uploads\/2023\/01\/ND9C4567-Bieng-Carsten-sq-150x150.png 150w, https:\/\/www.md-elektronik.com\/wp-content\/uploads\/2023\/01\/ND9C4567-Bieng-Carsten-sq-768x768.png 768w\" sizes=\"(max-width: 1020px) 100vw, 1020px\" \/>\t\t\t\t\t\t\n\t\t\t\t\t<\/div>\n\t\t\t\t\t\t\t\t\n<style>\n#image_889670998 {\n  width: 100%;\n}\n<\/style>\n\t<\/div>\n\t\n\n\n\t\t<\/div>\n\t\t\t\t\t<\/div>\n\n\t\n\n\t<div id=\"col-1279266436\" class=\"col medium-7 small-12 large-7\"  >\n\t\t\t\t<div class=\"col-inner\"  >\n\t\t\t\n\t\t\t\n\n<p><em>Carsten Bieng, Director Procurement, es el responsable de la compra del material para la producci\u00f3n del Grupo MD. Con sus m\u00e1s de 12 a\u00f1os de experiencia en el sector y sus casi 10 a\u00f1os de responsabilidad directiva en compras, es todo un experto en este campo. Inici\u00f3 su trayectoria en el \u00e1rea de compra estrat\u00e9gica y en la actualidad es el responsable, junto con su equipo, de toda la adquisici\u00f3n de los materiales de producci\u00f3n. En los \u00faltimos a\u00f1os, su cometido de garantizar la seguridad en el suministro y reforzar la competitividad de MD se ha convertido en una estrategia integral de compra. Como dice la frase de John Kabat Zinn, \u00abno puedes frenar las olas, pero s\u00ed puedes aprender a surfear sobre ellas\u00bb, hay que ser capaz de leer, comprender y anticipar el mercado de adquisiciones, el entorno y sus desaf\u00edos para marcar la l\u00ednea estrat\u00e9gica a largo plazo.<\/em><\/p>\n\n\t\t<\/div>\n\t\t\t\t\t<\/div>\n\n\t\n\n<\/div>\n\n<\/div><\/div><\/div>\n\t<div id=\"gap-246052281\" class=\"gap-element clearfix\" style=\"display:block; height:auto;\">\n\t\t\n<style>\n#gap-246052281 {\n  padding-top: 20px;\n}\n<\/style>\n\t<\/div>\n\t\n","protected":false},"excerpt":{"rendered":"<p>Entrevista con Cartsen Bieng acerca de la situaci\u00f3n actual de la cadena de suministro y los desaf\u00edos en la adquisici\u00f3n.<\/p>\n","protected":false},"author":16,"featured_media":24195,"comment_status":"closed","ping_status":"closed","sticky":false,"template":"","format":"standard","meta":{"footnotes":""},"categories":[95],"tags":[],"class_list":["post-13725","post","type-post","status-publish","format-standard","has-post-thumbnail","hentry","category-news-es"],"_links":{"self":[{"href":"https:\/\/www.md-elektronik.com\/es\/wp-json\/wp\/v2\/posts\/13725","targetHints":{"allow":["GET"]}}],"collection":[{"href":"https:\/\/www.md-elektronik.com\/es\/wp-json\/wp\/v2\/posts"}],"about":[{"href":"https:\/\/www.md-elektronik.com\/es\/wp-json\/wp\/v2\/types\/post"}],"author":[{"embeddable":true,"href":"https:\/\/www.md-elektronik.com\/es\/wp-json\/wp\/v2\/users\/16"}],"replies":[{"embeddable":true,"href":"https:\/\/www.md-elektronik.com\/es\/wp-json\/wp\/v2\/comments?post=13725"}],"version-history":[{"count":5,"href":"https:\/\/www.md-elektronik.com\/es\/wp-json\/wp\/v2\/posts\/13725\/revisions"}],"predecessor-version":[{"id":13982,"href":"https:\/\/www.md-elektronik.com\/es\/wp-json\/wp\/v2\/posts\/13725\/revisions\/13982"}],"wp:featuredmedia":[{"embeddable":true,"href":"https:\/\/www.md-elektronik.com\/es\/wp-json\/wp\/v2\/media\/24195"}],"wp:attachment":[{"href":"https:\/\/www.md-elektronik.com\/es\/wp-json\/wp\/v2\/media?parent=13725"}],"wp:term":[{"taxonomy":"category","embeddable":true,"href":"https:\/\/www.md-elektronik.com\/es\/wp-json\/wp\/v2\/categories?post=13725"},{"taxonomy":"post_tag","embeddable":true,"href":"https:\/\/www.md-elektronik.com\/es\/wp-json\/wp\/v2\/tags?post=13725"}],"curies":[{"name":"wp","href":"https:\/\/api.w.org\/{rel}","templated":true}]}}